{"id":4027,"date":"2023-04-13T14:00:16","date_gmt":"2023-04-13T12:00:16","guid":{"rendered":"https:\/\/kath-kirche-lb.de\/jugendkirche\/?p=3016"},"modified":"2023-11-27T19:17:45","modified_gmt":"2023-11-27T18:17:45","slug":"ladestation-mit-pruefungssegen","status":"publish","type":"post","link":"https:\/\/www.kath-kirche-lb.de\/dreieinigkeit\/2023\/04\/13\/ladestation-mit-pruefungssegen\/","title":{"rendered":"Ladestation mit Pr\u00fcfungssegen"},"content":{"rendered":"\n<p>&#8222;Du bist wertvoll, f\u00fcrchte dich nicht!&#8220; Am Sonntag 16.04. war wieder eine Ladestation um 18 Uhr in Dreieinigkeit. <\/p>\n\n\n\n<p>F\u00fcr alle die in den n\u00e4chsten Wochen ihre Abschlusspr\u00fcfungen schreiben gab es bei dieser Ladestation auch die M\u00f6glichkeit nochmal ganz besonders aufzutanken und sich daf\u00fcr segnen zu lassen.<\/p>\n\n\n\n<figure class=\"wp-block-gallery has-nested-images columns-default is-cropped wp-block-gallery-1 is-layout-flex wp-block-gallery-is-layout-flex\">\n<figure class=\"wp-block-image size-large\"><img decoding=\"async\" data-id=\"3032\" src=\"https:\/\/kath-kirche-lb.de\/jugendkirche\/wp-content\/uploads\/sites\/3\/2023\/04\/IMG_8431-768x1024.jpeg\" alt=\"\" class=\"wp-image-3032\" \/><\/figure>\n\n\n\n<figure class=\"wp-block-image size-large\"><img decoding=\"async\" data-id=\"3033\" src=\"https:\/\/kath-kirche-lb.de\/jugendkirche\/wp-content\/uploads\/sites\/3\/2023\/04\/IMG_8430-768x1024.jpeg\" alt=\"\" class=\"wp-image-3033\" \/><figcaption class=\"wp-element-caption\">Kleiner Bilderr\u00fcckblick unserer Ladesation<\/figcaption><\/figure>\n\n\n\n<figure class=\"wp-block-image size-large\"><img decoding=\"async\" data-id=\"3031\" src=\"https:\/\/kath-kirche-lb.de\/jugendkirche\/wp-content\/uploads\/sites\/3\/2023\/04\/IMG_8432-768x1024.jpeg\" alt=\"\" class=\"wp-image-3031\" \/><\/figure>\n<\/figure>\n\n\n\n<figure class=\"wp-block-image size-full\"><img decoding=\"async\" src=\"https:\/\/kath-kirche-lb.de\/jugendkirche\/wp-content\/uploads\/sites\/3\/2023\/04\/Flyer-Ladestation-2023_04_16.jpg\" alt=\"\" class=\"wp-image-3017\" \/><\/figure>\n","protected":false},"excerpt":{"rendered":"<p>&#8222;Du bist wertvoll, f\u00fcrchte dich nicht!&#8220; Am Sonntag 16.04. war wieder eine Ladestation um 18 Uhr in Dreieinigkeit. F\u00fcr alle die in den n\u00e4chsten Wochen ihre Abschlusspr\u00fcfungen schreiben gab es bei dieser Ladestation auch die M\u00f6glichkeit nochmal ganz besonders aufzutanken und sich daf\u00fcr segnen zu lassen.<\/p>\n","protected":false},"author":27,"featured_media":0,"comment_status":"closed","ping_status":"open","sticky":false,"template":"","format":"standard","meta":{"footnotes":""},"categories":[7,8],"tags":[],"class_list":["post-4027","post","type-post","status-publish","format-standard","hentry","category-alle_gemeinden","category-gesamtkirche"],"_links":{"self":[{"href":"https:\/\/www.kath-kirche-lb.de\/dreieinigkeit\/wp-json\/wp\/v2\/posts\/4027","targetHints":{"allow":["GET"]}}],"collection":[{"href":"https:\/\/www.kath-kirche-lb.de\/dreieinigkeit\/wp-json\/wp\/v2\/posts"}],"about":[{"href":"https:\/\/www.kath-kirche-lb.de\/dreieinigkeit\/wp-json\/wp\/v2\/types\/post"}],"author":[{"embeddable":true,"href":"https:\/\/www.kath-kirche-lb.de\/dreieinigkeit\/wp-json\/wp\/v2\/users\/27"}],"replies":[{"embeddable":true,"href":"https:\/\/www.kath-kirche-lb.de\/dreieinigkeit\/wp-json\/wp\/v2\/comments?post=4027"}],"version-history":[{"count":3,"href":"https:\/\/www.kath-kirche-lb.de\/dreieinigkeit\/wp-json\/wp\/v2\/posts\/4027\/revisions"}],"predecessor-version":[{"id":4031,"href":"https:\/\/www.kath-kirche-lb.de\/dreieinigkeit\/wp-json\/wp\/v2\/posts\/4027\/revisions\/4031"}],"wp:attachment":[{"href":"https:\/\/www.kath-kirche-lb.de\/dreieinigkeit\/wp-json\/wp\/v2\/media?parent=4027"}],"wp:term":[{"taxonomy":"category","embeddable":true,"href":"https:\/\/www.kath-kirche-lb.de\/dreieinigkeit\/wp-json\/wp\/v2\/categories?post=4027"},{"taxonomy":"post_tag","embeddable":true,"href":"https:\/\/www.kath-kirche-lb.de\/dreieinigkeit\/wp-json\/wp\/v2\/tags?post=4027"}],"curies":[{"name":"wp","href":"https:\/\/api.w.org\/{rel}","templated":true}]}}