{"id":4411,"date":"2023-10-27T16:58:59","date_gmt":"2023-10-27T14:58:59","guid":{"rendered":"https:\/\/kath-kirche-lb.de\/jugendkirche\/?p=3091"},"modified":"2023-11-21T16:30:27","modified_gmt":"2023-11-21T15:30:27","slug":"romwallfahrt-29-07-02-08-2024","status":"publish","type":"post","link":"https:\/\/www.kath-kirche-lb.de\/dreieinigkeit\/2023\/10\/27\/romwallfahrt-29-07-02-08-2024\/","title":{"rendered":"Romwallfahrt 28.07.-03.08.2024"},"content":{"rendered":"\n<p>F\u00fcr die Ministranten geht es 2024 wieder auf Romwallfahrt. Alle die mit dabei sein m\u00f6chten k\u00f6nnen sich bis zum 31. Dezember 2023 \u00fcber die Plattform der Di\u00f6zese anmelden. Der Link zur Anmeldung leitet euch zur externen Seite weiter. <\/p>\n\n\n\n<p>Wir haben uns gemeinsam mit dem Dekanatsjugendreferat dazu entschieden dieses Jahr wieder als Selbstfahrer zu fahren da wir so einen deutlich g\u00fcnstigeren Preis f\u00fcr euch anbieten k\u00f6nnen. Bei der Anmeldung seht ihr daher nur den Betrag von 20\u20ac f\u00fcr das Pilgerpaket &#8211; diese sind in unserem Teilnehmerbeitrag von 620\u20ac bereits enthalten. Jedoch ist es technisch nicht m\u00f6glich f\u00fcr jede Gemeinde die jeweiligen Reisekonditionen bei der Anmeldung zu hinterlegen, lasst euch also davon nicht verwirren. <\/p>\n\n\n\n<p>Falls sich bei der Anmeldung Fragen oder Unklarheiten ergeben meldet euch gerne in der Jugendkirche. <\/p>\n\n\n\n<p>Zur Anmeldung: <a href=\"https:\/\/BDKJ.camps.digital\/masken\/buchungen\/vuejs?termin_id=187&amp;destination_id=64&amp;vendor=lu-f8ab58m0\">https:\/\/BDKJ.camps.digital\/masken\/buchungen\/vuejs?termin_id=187&amp;destination_id=64&amp;vendor=lu-f8ab58m0<\/a><\/p>\n\n\n\n<div data-wp-interactive=\"core\/file\" class=\"wp-block-file\"><object data-wp-bind--hidden=\"!state.hasPdfPreview\" hidden class=\"wp-block-file__embed\" data=\"https:\/\/kath-kirche-lb.de\/jugendkirche\/wp-content\/uploads\/sites\/3\/2023\/10\/Romwallfahrt-2024-3.pdf\" type=\"application\/pdf\" style=\"width:100%;height:600px\" aria-label=\"Einbettung von Romwallfahrt-2024-3.\"><\/object><a id=\"wp-block-file--media-74cf4fdf-db4e-4473-8577-123aa085a2e6\" href=\"https:\/\/kath-kirche-lb.de\/jugendkirche\/wp-content\/uploads\/sites\/3\/2023\/10\/Romwallfahrt-2024-3.pdf\">Romwallfahrt-2024-3<\/a><a href=\"https:\/\/kath-kirche-lb.de\/jugendkirche\/wp-content\/uploads\/sites\/3\/2023\/10\/Romwallfahrt-2024-3.pdf\" class=\"wp-block-file__button wp-element-button\" download aria-describedby=\"wp-block-file--media-74cf4fdf-db4e-4473-8577-123aa085a2e6\">Herunterladen<\/a><\/div>\n","protected":false},"excerpt":{"rendered":"<p>F\u00fcr die Ministranten geht es 2024 wieder auf Romwallfahrt. Alle die mit dabei sein m\u00f6chten k\u00f6nnen sich bis zum 31. Dezember 2023 \u00fcber die Plattform der Di\u00f6zese anmelden. Der Link zur Anmeldung leitet euch zur externen Seite weiter. Wir haben uns gemeinsam mit dem Dekanatsjugendreferat dazu entschieden dieses Jahr wieder als Selbstfahrer zu fahren da [&hellip;]<\/p>\n","protected":false},"author":27,"featured_media":4416,"comment_status":"closed","ping_status":"open","sticky":false,"template":"","format":"standard","meta":{"footnotes":""},"categories":[62,1,8],"tags":[],"class_list":["post-4411","post","type-post","status-publish","format-standard","has-post-thumbnail","hentry","category-aktuelles","category-allgemein","category-gesamtkirche"],"_links":{"self":[{"href":"https:\/\/www.kath-kirche-lb.de\/dreieinigkeit\/wp-json\/wp\/v2\/posts\/4411","targetHints":{"allow":["GET"]}}],"collection":[{"href":"https:\/\/www.kath-kirche-lb.de\/dreieinigkeit\/wp-json\/wp\/v2\/posts"}],"about":[{"href":"https:\/\/www.kath-kirche-lb.de\/dreieinigkeit\/wp-json\/wp\/v2\/types\/post"}],"author":[{"embeddable":true,"href":"https:\/\/www.kath-kirche-lb.de\/dreieinigkeit\/wp-json\/wp\/v2\/users\/27"}],"replies":[{"embeddable":true,"href":"https:\/\/www.kath-kirche-lb.de\/dreieinigkeit\/wp-json\/wp\/v2\/comments?post=4411"}],"version-history":[{"count":1,"href":"https:\/\/www.kath-kirche-lb.de\/dreieinigkeit\/wp-json\/wp\/v2\/posts\/4411\/revisions"}],"predecessor-version":[{"id":4415,"href":"https:\/\/www.kath-kirche-lb.de\/dreieinigkeit\/wp-json\/wp\/v2\/posts\/4411\/revisions\/4415"}],"wp:featuredmedia":[{"embeddable":true,"href":"https:\/\/www.kath-kirche-lb.de\/dreieinigkeit\/wp-json\/wp\/v2\/media\/4416"}],"wp:attachment":[{"href":"https:\/\/www.kath-kirche-lb.de\/dreieinigkeit\/wp-json\/wp\/v2\/media?parent=4411"}],"wp:term":[{"taxonomy":"category","embeddable":true,"href":"https:\/\/www.kath-kirche-lb.de\/dreieinigkeit\/wp-json\/wp\/v2\/categories?post=4411"},{"taxonomy":"post_tag","embeddable":true,"href":"https:\/\/www.kath-kirche-lb.de\/dreieinigkeit\/wp-json\/wp\/v2\/tags?post=4411"}],"curies":[{"name":"wp","href":"https:\/\/api.w.org\/{rel}","templated":true}]}}