{"id":4417,"date":"2023-11-07T10:35:49","date_gmt":"2023-11-07T09:35:49","guid":{"rendered":"https:\/\/www.kath-kirche-lb.de\/dreieinigkeit\/?p=4417"},"modified":"2023-11-09T19:59:37","modified_gmt":"2023-11-09T18:59:37","slug":"rueckblick-kinderkirche-vom-5-11","status":"publish","type":"post","link":"https:\/\/www.kath-kirche-lb.de\/dreieinigkeit\/2023\/11\/07\/rueckblick-kinderkirche-vom-5-11\/","title":{"rendered":"R\u00fcckblick Kinderkirche vom 5.11."},"content":{"rendered":"\n<p>Thema der Kinderkirche am 5. November waren Josefs Tr\u00e4ume. Wir haben im Erz\u00e4hlkreis dar\u00fcber gesprochen, dass wir manchmal neidisch auf unsere Geschwister sind und streiten, weil einer glaubt er sei besser als der andere. In unserer Kinderbibel haben wir dann \u00fcber Josef erfahren, dass er Jakobs Lieblingskind war und einen sch\u00f6nen Mantel geschenkt bekam. Darauf waren die anderen Br\u00fcder sehr neidisch. Jakob tr\u00e4umte gleich zweimal, dass er besonders von seinen Br\u00fcdern und seiner Familie verehrt werden w\u00fcrde und lud damit noch mehr \u00c4rger auf sich. Dann haben wir gelernt, dass wir alle gleich wertvoll und gleicherma\u00dfen von Gott geliebt sind. Alle Kinder haben einen Mantel gebastelt und verziert als Erinnerung an die Geschichte.<\/p>\n\n\n\n<figure class=\"wp-block-image size-large\"><img loading=\"lazy\" decoding=\"async\" width=\"1024\" height=\"768\" src=\"https:\/\/www.kath-kirche-lb.de\/dreieinigkeit\/wp-content\/uploads\/sites\/4\/2023\/11\/PXL_20231105_092558813.PORTRAIT-1024x768.jpg\" alt=\"\" class=\"wp-image-4423\" srcset=\"https:\/\/www.kath-kirche-lb.de\/dreieinigkeit\/wp-content\/uploads\/sites\/4\/2023\/11\/PXL_20231105_092558813.PORTRAIT-1024x768.jpg 1024w, https:\/\/www.kath-kirche-lb.de\/dreieinigkeit\/wp-content\/uploads\/sites\/4\/2023\/11\/PXL_20231105_092558813.PORTRAIT-300x225.jpg 300w, https:\/\/www.kath-kirche-lb.de\/dreieinigkeit\/wp-content\/uploads\/sites\/4\/2023\/11\/PXL_20231105_092558813.PORTRAIT-768x576.jpg 768w, https:\/\/www.kath-kirche-lb.de\/dreieinigkeit\/wp-content\/uploads\/sites\/4\/2023\/11\/PXL_20231105_092558813.PORTRAIT.jpg 1400w\" sizes=\"auto, (max-width: 1024px) 100vw, 1024px\" \/><\/figure>\n\n\n\n<p><\/p>\n","protected":false},"excerpt":{"rendered":"<p>Thema der Kinderkirche am 5. November waren Josefs Tr\u00e4ume. Wir haben im Erz\u00e4hlkreis dar\u00fcber gesprochen, dass wir manchmal neidisch auf unsere Geschwister sind und streiten, weil einer glaubt er sei besser als der andere. In unserer Kinderbibel haben wir dann \u00fcber Josef erfahren, dass er Jakobs Lieblingskind war und einen sch\u00f6nen Mantel geschenkt bekam. Darauf [&hellip;]<\/p>\n","protected":false},"author":20,"featured_media":4423,"comment_status":"closed","ping_status":"open","sticky":false,"template":"","format":"standard","meta":{"footnotes":""},"categories":[62,73],"tags":[],"class_list":["post-4417","post","type-post","status-publish","format-standard","has-post-thumbnail","hentry","category-aktuelles","category-kinderkirche"],"_links":{"self":[{"href":"https:\/\/www.kath-kirche-lb.de\/dreieinigkeit\/wp-json\/wp\/v2\/posts\/4417","targetHints":{"allow":["GET"]}}],"collection":[{"href":"https:\/\/www.kath-kirche-lb.de\/dreieinigkeit\/wp-json\/wp\/v2\/posts"}],"about":[{"href":"https:\/\/www.kath-kirche-lb.de\/dreieinigkeit\/wp-json\/wp\/v2\/types\/post"}],"author":[{"embeddable":true,"href":"https:\/\/www.kath-kirche-lb.de\/dreieinigkeit\/wp-json\/wp\/v2\/users\/20"}],"replies":[{"embeddable":true,"href":"https:\/\/www.kath-kirche-lb.de\/dreieinigkeit\/wp-json\/wp\/v2\/comments?post=4417"}],"version-history":[{"count":3,"href":"https:\/\/www.kath-kirche-lb.de\/dreieinigkeit\/wp-json\/wp\/v2\/posts\/4417\/revisions"}],"predecessor-version":[{"id":4426,"href":"https:\/\/www.kath-kirche-lb.de\/dreieinigkeit\/wp-json\/wp\/v2\/posts\/4417\/revisions\/4426"}],"wp:featuredmedia":[{"embeddable":true,"href":"https:\/\/www.kath-kirche-lb.de\/dreieinigkeit\/wp-json\/wp\/v2\/media\/4423"}],"wp:attachment":[{"href":"https:\/\/www.kath-kirche-lb.de\/dreieinigkeit\/wp-json\/wp\/v2\/media?parent=4417"}],"wp:term":[{"taxonomy":"category","embeddable":true,"href":"https:\/\/www.kath-kirche-lb.de\/dreieinigkeit\/wp-json\/wp\/v2\/categories?post=4417"},{"taxonomy":"post_tag","embeddable":true,"href":"https:\/\/www.kath-kirche-lb.de\/dreieinigkeit\/wp-json\/wp\/v2\/tags?post=4417"}],"curies":[{"name":"wp","href":"https:\/\/api.w.org\/{rel}","templated":true}]}}