{"id":7111,"date":"2025-02-09T15:12:59","date_gmt":"2025-02-09T14:12:59","guid":{"rendered":"https:\/\/www.kath-kirche-lb.de\/dreieinigkeit\/?p=7111"},"modified":"2025-02-09T15:16:04","modified_gmt":"2025-02-09T14:16:04","slug":"rueckblick-kinderkirche-19-01","status":"publish","type":"post","link":"https:\/\/www.kath-kirche-lb.de\/dreieinigkeit\/2025\/02\/09\/rueckblick-kinderkirche-19-01\/","title":{"rendered":"R\u00fcckblick Kinderkirche 19. Januar"},"content":{"rendered":"\n<figure class=\"wp-block-image size-large is-resized\"><img loading=\"lazy\" decoding=\"async\" width=\"1024\" height=\"771\" src=\"https:\/\/www.kath-kirche-lb.de\/dreieinigkeit\/wp-content\/uploads\/sites\/4\/2025\/02\/signal-2025-02-08-133448-1024x771.jpeg\" alt=\"\" class=\"wp-image-7112\" style=\"width:620px;height:auto\" srcset=\"https:\/\/www.kath-kirche-lb.de\/dreieinigkeit\/wp-content\/uploads\/sites\/4\/2025\/02\/signal-2025-02-08-133448-1024x771.jpeg 1024w, https:\/\/www.kath-kirche-lb.de\/dreieinigkeit\/wp-content\/uploads\/sites\/4\/2025\/02\/signal-2025-02-08-133448-300x226.jpeg 300w, https:\/\/www.kath-kirche-lb.de\/dreieinigkeit\/wp-content\/uploads\/sites\/4\/2025\/02\/signal-2025-02-08-133448-768x578.jpeg 768w, https:\/\/www.kath-kirche-lb.de\/dreieinigkeit\/wp-content\/uploads\/sites\/4\/2025\/02\/signal-2025-02-08-133448-1536x1157.jpeg 1536w, https:\/\/www.kath-kirche-lb.de\/dreieinigkeit\/wp-content\/uploads\/sites\/4\/2025\/02\/signal-2025-02-08-133448.jpeg 2048w\" sizes=\"auto, (max-width: 1024px) 100vw, 1024px\" \/><\/figure>\n\n\n\n<figure class=\"wp-block-image size-large is-resized\"><img loading=\"lazy\" decoding=\"async\" width=\"1024\" height=\"771\" src=\"https:\/\/www.kath-kirche-lb.de\/dreieinigkeit\/wp-content\/uploads\/sites\/4\/2025\/02\/signal-2025-02-08-133448_002-1024x771.jpeg\" alt=\"\" class=\"wp-image-7113\" style=\"width:617px;height:auto\" srcset=\"https:\/\/www.kath-kirche-lb.de\/dreieinigkeit\/wp-content\/uploads\/sites\/4\/2025\/02\/signal-2025-02-08-133448_002-1024x771.jpeg 1024w, https:\/\/www.kath-kirche-lb.de\/dreieinigkeit\/wp-content\/uploads\/sites\/4\/2025\/02\/signal-2025-02-08-133448_002-300x226.jpeg 300w, https:\/\/www.kath-kirche-lb.de\/dreieinigkeit\/wp-content\/uploads\/sites\/4\/2025\/02\/signal-2025-02-08-133448_002-768x578.jpeg 768w, https:\/\/www.kath-kirche-lb.de\/dreieinigkeit\/wp-content\/uploads\/sites\/4\/2025\/02\/signal-2025-02-08-133448_002-1536x1157.jpeg 1536w, https:\/\/www.kath-kirche-lb.de\/dreieinigkeit\/wp-content\/uploads\/sites\/4\/2025\/02\/signal-2025-02-08-133448_002.jpeg 2048w\" sizes=\"auto, (max-width: 1024px) 100vw, 1024px\" \/><\/figure>\n\n\n\n<p>An diesem Sonntag haben wir uns mit der Bibel, dem Wort Gottes besch\u00e4ftigt.<\/p>\n\n\n\n<p>Durch das Gleichnis vom S\u00e4mann haben wir gelernt, dass Gottes Wort nur auf\u00a0 &#8222;guten Boden&#8220; f\u00e4llt, wenn wir nicht nur die Geschichten aus der Bibel h\u00f6ren, sondern versuchen, sie auch zu leben, sodass wir Licht f\u00fcr andere sein k\u00f6nnen und die Menschen sich durch uns mehr f\u00fcr Gott interessieren und wir damit &#8222;Frucht bringen&#8220;.<\/p>\n\n\n\n<p>Wir haben dann noch ein Lied mit Tanzbewegungen gesungen und zur Erinnerung eine Kerze gebastelt.<\/p>\n\n\n\n<p>Zum gemeinsamen Abschluss ging es dann noch zu den Erwachsenen in die Kirche. Zum ersten Mal sind wir daf\u00fcr in die evangelische Stadtkirche gegangen, weil die katholische Kirche renoviert wird.<\/p>\n\n\n\n<p>Wir freuen uns auf die n\u00e4chsten Kinderkirche mit euch am 16. Februar!<\/p>\n\n\n\n<p>Euer Kiki-Team<\/p>\n","protected":false},"excerpt":{"rendered":"<p>An diesem Sonntag haben wir uns mit der Bibel, dem Wort Gottes besch\u00e4ftigt. Durch das Gleichnis vom S\u00e4mann haben wir gelernt, dass Gottes Wort nur auf\u00a0 &#8222;guten Boden&#8220; f\u00e4llt, wenn wir nicht nur die Geschichten aus der Bibel h\u00f6ren, sondern versuchen, sie auch zu leben, sodass wir Licht f\u00fcr andere sein k\u00f6nnen und die Menschen [&hellip;]<\/p>\n","protected":false},"author":19,"featured_media":7112,"comment_status":"closed","ping_status":"open","sticky":false,"template":"","format":"standard","meta":{"footnotes":""},"categories":[73],"tags":[],"class_list":["post-7111","post","type-post","status-publish","format-standard","has-post-thumbnail","hentry","category-kinderkirche"],"_links":{"self":[{"href":"https:\/\/www.kath-kirche-lb.de\/dreieinigkeit\/wp-json\/wp\/v2\/posts\/7111","targetHints":{"allow":["GET"]}}],"collection":[{"href":"https:\/\/www.kath-kirche-lb.de\/dreieinigkeit\/wp-json\/wp\/v2\/posts"}],"about":[{"href":"https:\/\/www.kath-kirche-lb.de\/dreieinigkeit\/wp-json\/wp\/v2\/types\/post"}],"author":[{"embeddable":true,"href":"https:\/\/www.kath-kirche-lb.de\/dreieinigkeit\/wp-json\/wp\/v2\/users\/19"}],"replies":[{"embeddable":true,"href":"https:\/\/www.kath-kirche-lb.de\/dreieinigkeit\/wp-json\/wp\/v2\/comments?post=7111"}],"version-history":[{"count":2,"href":"https:\/\/www.kath-kirche-lb.de\/dreieinigkeit\/wp-json\/wp\/v2\/posts\/7111\/revisions"}],"predecessor-version":[{"id":7116,"href":"https:\/\/www.kath-kirche-lb.de\/dreieinigkeit\/wp-json\/wp\/v2\/posts\/7111\/revisions\/7116"}],"wp:featuredmedia":[{"embeddable":true,"href":"https:\/\/www.kath-kirche-lb.de\/dreieinigkeit\/wp-json\/wp\/v2\/media\/7112"}],"wp:attachment":[{"href":"https:\/\/www.kath-kirche-lb.de\/dreieinigkeit\/wp-json\/wp\/v2\/media?parent=7111"}],"wp:term":[{"taxonomy":"category","embeddable":true,"href":"https:\/\/www.kath-kirche-lb.de\/dreieinigkeit\/wp-json\/wp\/v2\/categories?post=7111"},{"taxonomy":"post_tag","embeddable":true,"href":"https:\/\/www.kath-kirche-lb.de\/dreieinigkeit\/wp-json\/wp\/v2\/tags?post=7111"}],"curies":[{"name":"wp","href":"https:\/\/api.w.org\/{rel}","templated":true}]}}