{"id":7413,"date":"2025-04-22T09:18:45","date_gmt":"2025-04-22T07:18:45","guid":{"rendered":"https:\/\/kath-kirche-lb.de\/jugendkirche\/?p=3188"},"modified":"2025-04-22T09:18:45","modified_gmt":"2025-04-22T07:18:45","slug":"pruefungssegen-am-27-04-25-um-18-uhr","status":"publish","type":"post","link":"https:\/\/www.kath-kirche-lb.de\/dreieinigkeit\/2025\/04\/22\/pruefungssegen-am-27-04-25-um-18-uhr\/","title":{"rendered":"Pr\u00fcfungssegen am 27.04.25 um 18 Uhr"},"content":{"rendered":"\n<p>Die Pr\u00fcfungszeit steht vor der T\u00fcr, oder hat auch f\u00fcr manche schon angefangen und wir m\u00f6chten euch herzlich zu unserem Pr\u00fcfungssegen in der Jugendkirche Ludwigsburg einladen. Gemeinsam m\u00f6chten wir uns einen Moment der Ruhe g\u00f6nnen, die Gedanken sortieren, und Kraft tanken.<\/p>\n\n\n\n<p>Kommt vorbei, bringt eure Sorgen und Hoffnungen mit, und lasst uns gemeinsam Kraft und Mut f\u00fcr die bevorstehenden Pr\u00fcfungen sch\u00f6pfen. Wir m\u00f6chten euch auch Segnen und mit diesem pers\u00f6nlichen Zuspruch in die Pr\u00fcfungszeit begleiten.  Wir freuen uns auf einen besinnlichen und st\u00e4rkenden Moment mit euch!<\/p>\n\n\n\n<p>Am 27. April 2025 um 18 Uhr in der Jugendkirche Ludwigsburg, Solitudestr. 5 71638 Ludwigsburg (Gegen\u00fcber vom Union-Kino)<\/p>\n\n\n\n<figure class=\"wp-block-image size-large\"><img decoding=\"async\" src=\"https:\/\/kath-kirche-lb.de\/jugendkirche\/wp-content\/uploads\/sites\/3\/2025\/04\/Pruefungssegen-2025-1024x724.png\" alt=\"\" class=\"wp-image-3189\" \/><\/figure>\n","protected":false},"excerpt":{"rendered":"<p>Die Pr\u00fcfungszeit steht vor der T\u00fcr, oder hat auch f\u00fcr manche schon angefangen und wir m\u00f6chten euch herzlich zu unserem Pr\u00fcfungssegen in der Jugendkirche Ludwigsburg einladen. Gemeinsam m\u00f6chten wir uns einen Moment der Ruhe g\u00f6nnen, die Gedanken sortieren, und Kraft tanken. Kommt vorbei, bringt eure Sorgen und Hoffnungen mit, und lasst uns gemeinsam Kraft und [&hellip;]<\/p>\n","protected":false},"author":27,"featured_media":7414,"comment_status":"closed","ping_status":"open","sticky":false,"template":"","format":"standard","meta":{"footnotes":""},"categories":[62,7,1],"tags":[],"class_list":["post-7413","post","type-post","status-publish","format-standard","has-post-thumbnail","hentry","category-aktuelles","category-alle_gemeinden","category-allgemein"],"_links":{"self":[{"href":"https:\/\/www.kath-kirche-lb.de\/dreieinigkeit\/wp-json\/wp\/v2\/posts\/7413","targetHints":{"allow":["GET"]}}],"collection":[{"href":"https:\/\/www.kath-kirche-lb.de\/dreieinigkeit\/wp-json\/wp\/v2\/posts"}],"about":[{"href":"https:\/\/www.kath-kirche-lb.de\/dreieinigkeit\/wp-json\/wp\/v2\/types\/post"}],"author":[{"embeddable":true,"href":"https:\/\/www.kath-kirche-lb.de\/dreieinigkeit\/wp-json\/wp\/v2\/users\/27"}],"replies":[{"embeddable":true,"href":"https:\/\/www.kath-kirche-lb.de\/dreieinigkeit\/wp-json\/wp\/v2\/comments?post=7413"}],"version-history":[{"count":0,"href":"https:\/\/www.kath-kirche-lb.de\/dreieinigkeit\/wp-json\/wp\/v2\/posts\/7413\/revisions"}],"wp:featuredmedia":[{"embeddable":true,"href":"https:\/\/www.kath-kirche-lb.de\/dreieinigkeit\/wp-json\/wp\/v2\/media\/7414"}],"wp:attachment":[{"href":"https:\/\/www.kath-kirche-lb.de\/dreieinigkeit\/wp-json\/wp\/v2\/media?parent=7413"}],"wp:term":[{"taxonomy":"category","embeddable":true,"href":"https:\/\/www.kath-kirche-lb.de\/dreieinigkeit\/wp-json\/wp\/v2\/categories?post=7413"},{"taxonomy":"post_tag","embeddable":true,"href":"https:\/\/www.kath-kirche-lb.de\/dreieinigkeit\/wp-json\/wp\/v2\/tags?post=7413"}],"curies":[{"name":"wp","href":"https:\/\/api.w.org\/{rel}","templated":true}]}}