{"id":7462,"date":"2025-05-27T21:45:00","date_gmt":"2025-05-27T19:45:00","guid":{"rendered":"https:\/\/www.kath-kirche-lb.de\/dreieinigkeit\/?p=7462"},"modified":"2025-05-27T21:45:11","modified_gmt":"2025-05-27T19:45:11","slug":"pfingstvigil","status":"publish","type":"post","link":"https:\/\/www.kath-kirche-lb.de\/dreieinigkeit\/2025\/05\/27\/pfingstvigil\/","title":{"rendered":"Pfingstvigil"},"content":{"rendered":"\n<p>\u00c4hnlich wie in der Osternacht auf Ostern, so bereiten wir uns in der Pfingstvigil auf Pfngsten vor.<br>Herzliche Einladung zur Pfingstvigil am Pfingstsamstag, 7. Juni um 20.00 Uhr im Gartensaail des Hauses der Katholischen Kirche.<br>Wir feiern eine Tischmesse mit mehreren Lesungen vom Wirken des Heiligen Geistes, dabei singen wir Geist- und Taiz\u00e9lieder (Taiz\u00e9gebet wird integriert).<br>Anschlie\u00dfend sto\u00dfen wir bei einem Glas Wein (mit Fladenbrot, Wurst und K\u00e4se) auf das Leben im Hl. Geist an.<\/p>\n\n\n\n<p><\/p>\n","protected":false},"excerpt":{"rendered":"<p>\u00c4hnlich wie in der Osternacht auf Ostern, so bereiten wir uns in der Pfingstvigil auf Pfngsten vor.Herzliche Einladung zur Pfingstvigil am Pfingstsamstag, 7. Juni um 20.00 Uhr im Gartensaail des Hauses der Katholischen Kirche.Wir feiern eine Tischmesse mit mehreren Lesungen vom Wirken des Heiligen Geistes, dabei singen wir Geist- und Taiz\u00e9lieder (Taiz\u00e9gebet wird integriert).Anschlie\u00dfend sto\u00dfen [&hellip;]<\/p>\n","protected":false},"author":19,"featured_media":0,"comment_status":"closed","ping_status":"open","sticky":false,"template":"","format":"standard","meta":{"footnotes":""},"categories":[1],"tags":[],"class_list":["post-7462","post","type-post","status-publish","format-standard","hentry","category-allgemein"],"_links":{"self":[{"href":"https:\/\/www.kath-kirche-lb.de\/dreieinigkeit\/wp-json\/wp\/v2\/posts\/7462","targetHints":{"allow":["GET"]}}],"collection":[{"href":"https:\/\/www.kath-kirche-lb.de\/dreieinigkeit\/wp-json\/wp\/v2\/posts"}],"about":[{"href":"https:\/\/www.kath-kirche-lb.de\/dreieinigkeit\/wp-json\/wp\/v2\/types\/post"}],"author":[{"embeddable":true,"href":"https:\/\/www.kath-kirche-lb.de\/dreieinigkeit\/wp-json\/wp\/v2\/users\/19"}],"replies":[{"embeddable":true,"href":"https:\/\/www.kath-kirche-lb.de\/dreieinigkeit\/wp-json\/wp\/v2\/comments?post=7462"}],"version-history":[{"count":1,"href":"https:\/\/www.kath-kirche-lb.de\/dreieinigkeit\/wp-json\/wp\/v2\/posts\/7462\/revisions"}],"predecessor-version":[{"id":7463,"href":"https:\/\/www.kath-kirche-lb.de\/dreieinigkeit\/wp-json\/wp\/v2\/posts\/7462\/revisions\/7463"}],"wp:attachment":[{"href":"https:\/\/www.kath-kirche-lb.de\/dreieinigkeit\/wp-json\/wp\/v2\/media?parent=7462"}],"wp:term":[{"taxonomy":"category","embeddable":true,"href":"https:\/\/www.kath-kirche-lb.de\/dreieinigkeit\/wp-json\/wp\/v2\/categories?post=7462"},{"taxonomy":"post_tag","embeddable":true,"href":"https:\/\/www.kath-kirche-lb.de\/dreieinigkeit\/wp-json\/wp\/v2\/tags?post=7462"}],"curies":[{"name":"wp","href":"https:\/\/api.w.org\/{rel}","templated":true}]}}