{"id":7880,"date":"2026-03-13T14:25:55","date_gmt":"2026-03-13T13:25:55","guid":{"rendered":"https:\/\/www.kath-kirche-lb.de\/dreieinigkeit\/?p=7880"},"modified":"2026-03-13T14:25:57","modified_gmt":"2026-03-13T13:25:57","slug":"rueckblick-kinderkirche-vom-8-3-26","status":"publish","type":"post","link":"https:\/\/www.kath-kirche-lb.de\/dreieinigkeit\/2026\/03\/13\/rueckblick-kinderkirche-vom-8-3-26\/","title":{"rendered":"R\u00fcckblick Kinderkirche vom 8.3.26"},"content":{"rendered":"\n<p>Am vergangenen Sonntag, dem Weltgebetstag, haben wir uns in gro\u00dfer Runde im Gartensaal zur Kinderkirche getroffen. Unser Thema war eine Reise nach Nigeria. Zuerst hat uns das Flugzeug nach Afrika gebracht. Nach der Landung in Nigeria haben wir uns die Menschen, Kinder, Tiere angeschaut und den Fluss Niger, welcher fast das ganze Land von Nord nach S\u00fcd durchzieht. Au\u00dferdem konnten wir ein Kokosgeb\u00e4ck mit dem Namen Shuku Shuku kosten, zusammen mit einem Hibiskustee (Zobo Drink). Es gab dazu sch\u00f6ne nigerianische Lieder. Und danach haben wir alle afrikanische Trommeln gebastelt. Die Grundlage hierf\u00fcr war ein Tontopf, dessen \u00d6ffnung mit mehreren Lagen Backpapier \u00fcberzogen wurde. Als Ergebnis bekamen wir wunderbar klingende Trommeln.<\/p>\n\n\n\n<p>\u00dcbrigens ist eine Trommel nach der Kinderkirche nicht abgeholt worden. Wer also seine Trommel vermisst, kann diese in der n\u00e4chsten Kinderkirche im HKL abholen.<\/p>\n\n\n\n<p>Die n\u00e4chste Kinderkirche findet statt am <strong>19.04.2026<\/strong>, und zwar dann wieder um <strong>10:00 Uhr<\/strong>!<\/p>\n\n\n\n<p>Es freut sich auf Euch<\/p>\n\n\n\n<p>Euer KiKi-Team<\/p>\n\n\n\n<figure class=\"wp-block-image size-large is-resized\"><img loading=\"lazy\" decoding=\"async\" width=\"768\" height=\"1024\" src=\"https:\/\/www.kath-kirche-lb.de\/dreieinigkeit\/wp-content\/uploads\/sites\/4\/2026\/03\/20260308_095858-768x1024.jpg\" alt=\"\" class=\"wp-image-7881\" style=\"aspect-ratio:0.7500000286102306;width:463px;height:auto\" srcset=\"https:\/\/www.kath-kirche-lb.de\/dreieinigkeit\/wp-content\/uploads\/sites\/4\/2026\/03\/20260308_095858-768x1024.jpg 768w, https:\/\/www.kath-kirche-lb.de\/dreieinigkeit\/wp-content\/uploads\/sites\/4\/2026\/03\/20260308_095858-225x300.jpg 225w, https:\/\/www.kath-kirche-lb.de\/dreieinigkeit\/wp-content\/uploads\/sites\/4\/2026\/03\/20260308_095858-300x400.jpg 300w, https:\/\/www.kath-kirche-lb.de\/dreieinigkeit\/wp-content\/uploads\/sites\/4\/2026\/03\/20260308_095858-1152x1536.jpg 1152w, https:\/\/www.kath-kirche-lb.de\/dreieinigkeit\/wp-content\/uploads\/sites\/4\/2026\/03\/20260308_095858-1536x2048.jpg 1536w, https:\/\/www.kath-kirche-lb.de\/dreieinigkeit\/wp-content\/uploads\/sites\/4\/2026\/03\/20260308_095858-scaled.jpg 1920w\" sizes=\"auto, (max-width: 768px) 100vw, 768px\" \/><\/figure>\n\n\n\n<figure class=\"wp-block-image size-large is-resized\"><img loading=\"lazy\" decoding=\"async\" width=\"1024\" height=\"768\" src=\"https:\/\/www.kath-kirche-lb.de\/dreieinigkeit\/wp-content\/uploads\/sites\/4\/2026\/03\/20260308_092646-1024x768.jpg\" alt=\"\" class=\"wp-image-7882\" style=\"width:460px;height:auto\" srcset=\"https:\/\/www.kath-kirche-lb.de\/dreieinigkeit\/wp-content\/uploads\/sites\/4\/2026\/03\/20260308_092646-1024x768.jpg 1024w, https:\/\/www.kath-kirche-lb.de\/dreieinigkeit\/wp-content\/uploads\/sites\/4\/2026\/03\/20260308_092646-300x225.jpg 300w, https:\/\/www.kath-kirche-lb.de\/dreieinigkeit\/wp-content\/uploads\/sites\/4\/2026\/03\/20260308_092646-768x576.jpg 768w, https:\/\/www.kath-kirche-lb.de\/dreieinigkeit\/wp-content\/uploads\/sites\/4\/2026\/03\/20260308_092646-1536x1152.jpg 1536w, https:\/\/www.kath-kirche-lb.de\/dreieinigkeit\/wp-content\/uploads\/sites\/4\/2026\/03\/20260308_092646-2048x1536.jpg 2048w\" sizes=\"auto, (max-width: 1024px) 100vw, 1024px\" \/><\/figure>\n\n\n\n<figure class=\"wp-block-image size-large is-resized\"><img loading=\"lazy\" decoding=\"async\" width=\"768\" height=\"1024\" src=\"https:\/\/www.kath-kirche-lb.de\/dreieinigkeit\/wp-content\/uploads\/sites\/4\/2026\/03\/20260308_095846-768x1024.jpg\" alt=\"\" class=\"wp-image-7883\" style=\"aspect-ratio:0.7500000286102306;width:460px;height:auto\" srcset=\"https:\/\/www.kath-kirche-lb.de\/dreieinigkeit\/wp-content\/uploads\/sites\/4\/2026\/03\/20260308_095846-768x1024.jpg 768w, https:\/\/www.kath-kirche-lb.de\/dreieinigkeit\/wp-content\/uploads\/sites\/4\/2026\/03\/20260308_095846-225x300.jpg 225w, https:\/\/www.kath-kirche-lb.de\/dreieinigkeit\/wp-content\/uploads\/sites\/4\/2026\/03\/20260308_095846-300x400.jpg 300w, https:\/\/www.kath-kirche-lb.de\/dreieinigkeit\/wp-content\/uploads\/sites\/4\/2026\/03\/20260308_095846-1152x1536.jpg 1152w, https:\/\/www.kath-kirche-lb.de\/dreieinigkeit\/wp-content\/uploads\/sites\/4\/2026\/03\/20260308_095846-1536x2048.jpg 1536w, https:\/\/www.kath-kirche-lb.de\/dreieinigkeit\/wp-content\/uploads\/sites\/4\/2026\/03\/20260308_095846-scaled.jpg 1920w\" sizes=\"auto, (max-width: 768px) 100vw, 768px\" \/><\/figure>\n\n\n\n<figure class=\"wp-block-image size-large is-resized\"><img loading=\"lazy\" decoding=\"async\" width=\"768\" height=\"1024\" src=\"https:\/\/www.kath-kirche-lb.de\/dreieinigkeit\/wp-content\/uploads\/sites\/4\/2026\/03\/20260307_124948-768x1024.jpg\" alt=\"\" class=\"wp-image-7884\" style=\"aspect-ratio:0.7500000151778409;width:463px;height:auto\" srcset=\"https:\/\/www.kath-kirche-lb.de\/dreieinigkeit\/wp-content\/uploads\/sites\/4\/2026\/03\/20260307_124948-768x1024.jpg 768w, https:\/\/www.kath-kirche-lb.de\/dreieinigkeit\/wp-content\/uploads\/sites\/4\/2026\/03\/20260307_124948-225x300.jpg 225w, https:\/\/www.kath-kirche-lb.de\/dreieinigkeit\/wp-content\/uploads\/sites\/4\/2026\/03\/20260307_124948-300x400.jpg 300w, https:\/\/www.kath-kirche-lb.de\/dreieinigkeit\/wp-content\/uploads\/sites\/4\/2026\/03\/20260307_124948-1152x1536.jpg 1152w, https:\/\/www.kath-kirche-lb.de\/dreieinigkeit\/wp-content\/uploads\/sites\/4\/2026\/03\/20260307_124948-1536x2048.jpg 1536w, https:\/\/www.kath-kirche-lb.de\/dreieinigkeit\/wp-content\/uploads\/sites\/4\/2026\/03\/20260307_124948-scaled.jpg 1920w\" sizes=\"auto, (max-width: 768px) 100vw, 768px\" \/><\/figure>\n\n\n\n<figure class=\"wp-block-image size-large is-resized\"><img loading=\"lazy\" decoding=\"async\" width=\"768\" height=\"1024\" src=\"https:\/\/www.kath-kirche-lb.de\/dreieinigkeit\/wp-content\/uploads\/sites\/4\/2026\/03\/20260308_100152-768x1024.jpg\" alt=\"\" class=\"wp-image-7885\" style=\"width:464px;height:auto\" srcset=\"https:\/\/www.kath-kirche-lb.de\/dreieinigkeit\/wp-content\/uploads\/sites\/4\/2026\/03\/20260308_100152-768x1024.jpg 768w, https:\/\/www.kath-kirche-lb.de\/dreieinigkeit\/wp-content\/uploads\/sites\/4\/2026\/03\/20260308_100152-225x300.jpg 225w, https:\/\/www.kath-kirche-lb.de\/dreieinigkeit\/wp-content\/uploads\/sites\/4\/2026\/03\/20260308_100152-300x400.jpg 300w, https:\/\/www.kath-kirche-lb.de\/dreieinigkeit\/wp-content\/uploads\/sites\/4\/2026\/03\/20260308_100152-1152x1536.jpg 1152w, https:\/\/www.kath-kirche-lb.de\/dreieinigkeit\/wp-content\/uploads\/sites\/4\/2026\/03\/20260308_100152-1536x2048.jpg 1536w, https:\/\/www.kath-kirche-lb.de\/dreieinigkeit\/wp-content\/uploads\/sites\/4\/2026\/03\/20260308_100152-scaled.jpg 1920w\" sizes=\"auto, (max-width: 768px) 100vw, 768px\" \/><\/figure>\n\n\n\n<p><\/p>\n","protected":false},"excerpt":{"rendered":"<p>Am vergangenen Sonntag, dem Weltgebetstag, haben wir uns in gro\u00dfer Runde im Gartensaal zur Kinderkirche getroffen. Unser Thema war eine Reise nach Nigeria. Zuerst hat uns das Flugzeug nach Afrika gebracht. Nach der Landung in Nigeria haben wir uns die Menschen, Kinder, Tiere angeschaut und den Fluss Niger, welcher fast das ganze Land von Nord [&hellip;]<\/p>\n","protected":false},"author":19,"featured_media":7883,"comment_status":"closed","ping_status":"open","sticky":false,"template":"","format":"standard","meta":{"footnotes":""},"categories":[73],"tags":[],"class_list":["post-7880","post","type-post","status-publish","format-standard","has-post-thumbnail","hentry","category-kinderkirche"],"_links":{"self":[{"href":"https:\/\/www.kath-kirche-lb.de\/dreieinigkeit\/wp-json\/wp\/v2\/posts\/7880","targetHints":{"allow":["GET"]}}],"collection":[{"href":"https:\/\/www.kath-kirche-lb.de\/dreieinigkeit\/wp-json\/wp\/v2\/posts"}],"about":[{"href":"https:\/\/www.kath-kirche-lb.de\/dreieinigkeit\/wp-json\/wp\/v2\/types\/post"}],"author":[{"embeddable":true,"href":"https:\/\/www.kath-kirche-lb.de\/dreieinigkeit\/wp-json\/wp\/v2\/users\/19"}],"replies":[{"embeddable":true,"href":"https:\/\/www.kath-kirche-lb.de\/dreieinigkeit\/wp-json\/wp\/v2\/comments?post=7880"}],"version-history":[{"count":1,"href":"https:\/\/www.kath-kirche-lb.de\/dreieinigkeit\/wp-json\/wp\/v2\/posts\/7880\/revisions"}],"predecessor-version":[{"id":7886,"href":"https:\/\/www.kath-kirche-lb.de\/dreieinigkeit\/wp-json\/wp\/v2\/posts\/7880\/revisions\/7886"}],"wp:featuredmedia":[{"embeddable":true,"href":"https:\/\/www.kath-kirche-lb.de\/dreieinigkeit\/wp-json\/wp\/v2\/media\/7883"}],"wp:attachment":[{"href":"https:\/\/www.kath-kirche-lb.de\/dreieinigkeit\/wp-json\/wp\/v2\/media?parent=7880"}],"wp:term":[{"taxonomy":"category","embeddable":true,"href":"https:\/\/www.kath-kirche-lb.de\/dreieinigkeit\/wp-json\/wp\/v2\/categories?post=7880"},{"taxonomy":"post_tag","embeddable":true,"href":"https:\/\/www.kath-kirche-lb.de\/dreieinigkeit\/wp-json\/wp\/v2\/tags?post=7880"}],"curies":[{"name":"wp","href":"https:\/\/api.w.org\/{rel}","templated":true}]}}