{"id":7908,"date":"2026-03-31T18:33:56","date_gmt":"2026-03-31T16:33:56","guid":{"rendered":"https:\/\/www.kath-kirche-lb.de\/dreieinigkeit\/?p=7908"},"modified":"2026-03-31T18:33:58","modified_gmt":"2026-03-31T16:33:58","slug":"feier-der-ostertage","status":"publish","type":"post","link":"https:\/\/www.kath-kirche-lb.de\/dreieinigkeit\/2026\/03\/31\/feier-der-ostertage\/","title":{"rendered":"Feier der Ostertage"},"content":{"rendered":"\n<p><strong>Gr\u00fcndonnerstag<\/strong><\/p>\n\n\n\n<p>Wir ziehen um 19.30 Uhr durch unser Kirchenportal gemeinsam ein, um die Heiligen Drei Tage zu feiern. Es folgt die Feier des Heiligen Abendmahles Jesu.<\/p>\n\n\n\n<p>Mit Jesus am \u00d6lberg ausharren<\/p>\n\n\n\n<p>Um 21.00 Uhr sind Sie eingeladen, in der Kirche mit Jesus eine Stunde auszuharren. Er teilt mit uns unsere \u00c4ngste, Unsicherheiten und unsere Ohnmacht.<\/p>\n\n\n\n<p><strong>Karfreitag<\/strong><\/p>\n\n\n\n<p>Kreuzweg Jesu<\/p>\n\n\n\n<p>Am Karfreitag 3. April beten wir um 9.00 Uhr in der Kirche den Kreuzweg Jesu und verbinden unser Kreuz mit seinem Kreuz.<\/p>\n\n\n\n<p>Die Feier des Leidens und Sterbens Jesu Christi<\/p>\n\n\n\n<p>Am Karfreitag um 15.00 Uhr in der Kirche gedenken wir in der Karfreitagsliturgie des Leidens und Sterbens unseres Herrn Jesus Christus.<\/p>\n\n\n\n<p>Karmette<\/p>\n\n\n\n<p>In der Karmette am Karfreitag 3. April um 19.00 Uhr in der Kirche lassen wir die Klagelieder des Jeremia erklingen und verbinden sie mit unseren Klagen.<\/p>\n\n\n\n<p><strong>Karsamstag<\/strong><\/p>\n\n\n\n<p>Am Karsamstag verweilen wir in der leeren Kirche am Grab Jesu und bedenken sein Hinabsteigen zu den Toten. Herzliche Einladung zur Karsamstagsbetrachtung am 4. April um 8.00 Uhr in der Kirche.<\/p>\n\n\n\n<p>Feier der Osternacht<\/p>\n\n\n\n<p>Die Feier der Auferstehung Jesu in der Osternacht am 4. April bildet den H\u00f6hepunkt des ganzen Kirchenjahres. Herzliche Einladung zu ihrer Mitfeier um 21.00 Uhr in unserer Kirche.<\/p>\n\n\n\n<p>Ein Prosit auf Ostern<\/p>\n\n\n\n<p>Herzliche Einladung zur Begegnung nach der Osternacht ab ca. 23.30 Uhr im Haus der Katholischen Kirche. Wir sto\u00dfen auf das Leben an!<\/p>\n\n\n\n<p><strong>Ostersonntag<\/strong><\/p>\n\n\n\n<p>Herzliche Einladung zum Hochamt am Ostersonntag 5. April um 10.00 Uhr in unserer Kirche. Wir freuen uns auf die musikalische Mitgestaltung durch unseren Kirchenchor (\u201eSpatzenmesse\u201c von W. A. Mozart).<\/p>\n\n\n\n<p>Ostervesper<\/p>\n\n\n\n<p>Am Ostersonntag singen wir um 18.00 Uhr in der Kirche die Ostervesper.<\/p>\n\n\n\n<p><strong>Ostermontag<\/strong><\/p>\n\n\n\n<p>Emmausgang<\/p>\n\n\n\n<p>Unser Emmausgang am Ostermontag 6. April beginnt um 6.00 Uhr in Gr\u00fcnb\u00fchl vor der Kirche St. Elisabeth. Dann meditieren wir unterwegs das Evangelium der Begegnung des Auferstandenen mit den beiden Emmausj\u00fcngern. Um 7.30 Uhr feiern wir die Eucharistie in St. Josef mit. Anschlie\u00dfend Osterfr\u00fchst\u00fcck bei den Karmelitinnen.<\/p>\n\n\n\n<p><\/p>\n","protected":false},"excerpt":{"rendered":"<p>Gr\u00fcndonnerstag Wir ziehen um 19.30 Uhr durch unser Kirchenportal gemeinsam ein, um die Heiligen Drei Tage zu feiern. Es folgt die Feier des Heiligen Abendmahles Jesu. Mit Jesus am \u00d6lberg ausharren Um 21.00 Uhr sind Sie eingeladen, in der Kirche mit Jesus eine Stunde auszuharren. Er teilt mit uns unsere \u00c4ngste, Unsicherheiten und unsere Ohnmacht. [&hellip;]<\/p>\n","protected":false},"author":19,"featured_media":0,"comment_status":"closed","ping_status":"open","sticky":false,"template":"","format":"standard","meta":{"footnotes":""},"categories":[1],"tags":[],"class_list":["post-7908","post","type-post","status-publish","format-standard","hentry","category-allgemein"],"_links":{"self":[{"href":"https:\/\/www.kath-kirche-lb.de\/dreieinigkeit\/wp-json\/wp\/v2\/posts\/7908","targetHints":{"allow":["GET"]}}],"collection":[{"href":"https:\/\/www.kath-kirche-lb.de\/dreieinigkeit\/wp-json\/wp\/v2\/posts"}],"about":[{"href":"https:\/\/www.kath-kirche-lb.de\/dreieinigkeit\/wp-json\/wp\/v2\/types\/post"}],"author":[{"embeddable":true,"href":"https:\/\/www.kath-kirche-lb.de\/dreieinigkeit\/wp-json\/wp\/v2\/users\/19"}],"replies":[{"embeddable":true,"href":"https:\/\/www.kath-kirche-lb.de\/dreieinigkeit\/wp-json\/wp\/v2\/comments?post=7908"}],"version-history":[{"count":1,"href":"https:\/\/www.kath-kirche-lb.de\/dreieinigkeit\/wp-json\/wp\/v2\/posts\/7908\/revisions"}],"predecessor-version":[{"id":7909,"href":"https:\/\/www.kath-kirche-lb.de\/dreieinigkeit\/wp-json\/wp\/v2\/posts\/7908\/revisions\/7909"}],"wp:attachment":[{"href":"https:\/\/www.kath-kirche-lb.de\/dreieinigkeit\/wp-json\/wp\/v2\/media?parent=7908"}],"wp:term":[{"taxonomy":"category","embeddable":true,"href":"https:\/\/www.kath-kirche-lb.de\/dreieinigkeit\/wp-json\/wp\/v2\/categories?post=7908"},{"taxonomy":"post_tag","embeddable":true,"href":"https:\/\/www.kath-kirche-lb.de\/dreieinigkeit\/wp-json\/wp\/v2\/tags?post=7908"}],"curies":[{"name":"wp","href":"https:\/\/api.w.org\/{rel}","templated":true}]}}