{"id":10592,"date":"2025-06-24T09:24:54","date_gmt":"2025-06-24T07:24:54","guid":{"rendered":"https:\/\/www.kath-kirche-lb.de\/st-thomas-und-johannes\/?p=10592"},"modified":"2025-06-24T09:25:17","modified_gmt":"2025-06-24T07:25:17","slug":"kirchen-kalendarisches-im-juni-3","status":"publish","type":"post","link":"https:\/\/www.kath-kirche-lb.de\/st-thomas-und-johannes\/2025\/06\/24\/kirchen-kalendarisches-im-juni-3\/","title":{"rendered":"Kirchen-Kalendarisches im Juni"},"content":{"rendered":"\n<p><em><u>Dem heiligsten Herzen Jesu geweiht<\/u><\/em><\/p>\n\n\n\n<p><strong>1. Juni<\/strong><\/p>\n\n\n\n<p>Justin (ca. 100)<\/p>\n\n\n\n<p>Er versuchte die griechische Philosophie Platons und die christliche Theologie zusammenzuf\u00fchren.<\/p>\n\n\n\n<p>Patron der Philosophen<\/p>\n\n\n\n<p><strong>2. Juni<\/strong><\/p>\n\n\n\n<p>Marcellinus (ca. 299)<\/p>\n\n\n\n<p>Patron von Seligenstadt<\/p>\n\n\n\n<p>Blandina (ca. 170)<\/p>\n\n\n\n<p><strong>3. Juni&nbsp;&nbsp;&nbsp;&nbsp;&nbsp;&nbsp;&nbsp;&nbsp;&nbsp;&nbsp;&nbsp;&nbsp;&nbsp;&nbsp;&nbsp;&nbsp;&nbsp;&nbsp;&nbsp;&nbsp;&nbsp;&nbsp;&nbsp;&nbsp; <\/strong><em><u><\/u><\/em><\/p>\n\n\n\n<p>Karl Lwanga (1865-1887)<br>Patron der katholischen Aktion und der Jugend Afrikas<\/p>\n\n\n\n<p><strong>4. Juni<\/strong><\/p>\n\n\n\n<p>Klothilde von Franken (474-544)<br>Patronin der Frauen, der Kinderkrankheiten<\/p>\n\n\n\n<p>Die schon zu Lebzeiten verehrte Klothilde wurde bereits wenige Jahre nach ihrem Tod heiliggesprochen.<\/p>\n\n\n\n<p>Eva von L\u00fcttich (1190-1265)<br>Sie trat zusammen mit Juliana von L\u00fcttich f\u00fcr die Prozession am Fronleichnamsfest ein.<\/p>\n\n\n\n<p><strong>5. Juni<\/strong><\/p>\n\n\n\n<p>Bonifatius (673-754)<\/p>\n\n\n\n<p><strong>\u201eApostel der Deutschen\u201c<\/strong><\/p>\n\n\n\n<p><strong>6. Juni<\/strong><\/p>\n\n\n\n<p>Norbert von Xanten (1082-1134)<\/p>\n\n\n\n<p>Patron f\u00fcr gl\u00fcckliche Entbindung<\/p>\n\n\n\n<p><strong>8. Juni<\/strong><\/p>\n\n\n\n<p>Maria von Droste zu Vischering (1863-1899)<\/p>\n\n\n\n<p>Sie erlebte mystische Begnadungen und veranlasste Papst Leo XIII., die ganze <strong>Menschheit dem Heiligen Herzen Jesu<\/strong> zu <strong>weihen<\/strong>.<\/p>\n\n\n\n<p><strong>10. Juni<\/strong><\/p>\n\n\n\n<p>Margaretha, K\u00f6nigin von Schottland (1046-1093)<\/p>\n\n\n\n<p><strong>11. Juni<\/strong><\/p>\n\n\n\n<p>Barnabas<\/p>\n\n\n\n<p>Patron bei Streit<\/p>\n\n\n\n<p><strong>13. Juni<\/strong><\/p>\n\n\n\n<p>Antonius von Padua (1195-1231)<\/p>\n\n\n\n<p>Patron der Liebenden<\/p>\n\n\n\n<p><strong>15. Juni<\/strong><\/p>\n\n\n\n<p>Vitus (Veit) (ca. 300) <strong>Nothelfer<\/strong><\/p>\n\n\n\n<p>Patron der Jugendlichen<\/p>\n\n\n\n<p><strong>22. Juni<\/strong><\/p>\n\n\n\n<p>Thomas Morus (1478-1535)<\/p>\n\n\n\n<p>Patron der Regierenden und Politiker, der Katholischen jungen Gemeinde<\/p>\n\n\n\n<p><strong>24. Juni<\/strong><\/p>\n\n\n\n<p>Johannes der T\u00e4ufer<\/p>\n\n\n\n<p><strong>25. Juni<\/strong><\/p>\n\n\n\n<p>Wilhelm von Vercelli (1085-1142)<\/p>\n\n\n\n<p><strong>Legende: <\/strong>Als ein Wolf einen Esel riss, der Steine f\u00fcr den Klosterbau transportierte, kam Wilhelm hinzu, und der Wolf diente ihm fortan als Lastentr\u00e4ger.<\/p>\n\n\n\n<p><strong>27. Juni<\/strong><\/p>\n\n\n\n<p><strong>Siebenschl\u00e4fertag \u2013 die sieben Schl\u00e4fer von Ephesus<\/strong><\/p>\n\n\n\n<p><strong>29. Juni<\/strong> Petrus und Paulus<\/p>\n","protected":false},"excerpt":{"rendered":"<p>Dem heiligsten Herzen Jesu geweiht 1. Juni Justin (ca. 100) Er versuchte die griechische Philosophie Platons und die christliche Theologie zusammenzuf\u00fchren. Patron der Philosophen 2. Juni Marcellinus (ca. 299) Patron von Seligenstadt Blandina (ca. 170) 3. Juni&nbsp;&nbsp;&nbsp;&nbsp;&nbsp;&nbsp;&nbsp;&nbsp;&nbsp;&nbsp;&nbsp;&nbsp;&nbsp;&nbsp;&nbsp;&nbsp;&nbsp;&nbsp;&nbsp;&nbsp;&nbsp;&nbsp;&nbsp;&nbsp; Karl Lwanga (1865-1887)Patron der katholischen Aktion und der Jugend Afrikas 4. Juni Klothilde von Franken (474-544)Patronin der Frauen, [&hellip;]<\/p>\n","protected":false},"author":18,"featured_media":10593,"comment_status":"closed","ping_status":"closed","sticky":false,"template":"","format":"standard","meta":{"footnotes":""},"categories":[1012],"tags":[],"class_list":["post-10592","post","type-post","status-publish","format-standard","has-post-thumbnail","hentry","category-thema-1"],"_links":{"self":[{"href":"https:\/\/www.kath-kirche-lb.de\/st-thomas-und-johannes\/wp-json\/wp\/v2\/posts\/10592","targetHints":{"allow":["GET"]}}],"collection":[{"href":"https:\/\/www.kath-kirche-lb.de\/st-thomas-und-johannes\/wp-json\/wp\/v2\/posts"}],"about":[{"href":"https:\/\/www.kath-kirche-lb.de\/st-thomas-und-johannes\/wp-json\/wp\/v2\/types\/post"}],"author":[{"embeddable":true,"href":"https:\/\/www.kath-kirche-lb.de\/st-thomas-und-johannes\/wp-json\/wp\/v2\/users\/18"}],"replies":[{"embeddable":true,"href":"https:\/\/www.kath-kirche-lb.de\/st-thomas-und-johannes\/wp-json\/wp\/v2\/comments?post=10592"}],"version-history":[{"count":1,"href":"https:\/\/www.kath-kirche-lb.de\/st-thomas-und-johannes\/wp-json\/wp\/v2\/posts\/10592\/revisions"}],"predecessor-version":[{"id":10594,"href":"https:\/\/www.kath-kirche-lb.de\/st-thomas-und-johannes\/wp-json\/wp\/v2\/posts\/10592\/revisions\/10594"}],"wp:featuredmedia":[{"embeddable":true,"href":"https:\/\/www.kath-kirche-lb.de\/st-thomas-und-johannes\/wp-json\/wp\/v2\/media\/10593"}],"wp:attachment":[{"href":"https:\/\/www.kath-kirche-lb.de\/st-thomas-und-johannes\/wp-json\/wp\/v2\/media?parent=10592"}],"wp:term":[{"taxonomy":"category","embeddable":true,"href":"https:\/\/www.kath-kirche-lb.de\/st-thomas-und-johannes\/wp-json\/wp\/v2\/categories?post=10592"},{"taxonomy":"post_tag","embeddable":true,"href":"https:\/\/www.kath-kirche-lb.de\/st-thomas-und-johannes\/wp-json\/wp\/v2\/tags?post=10592"}],"curies":[{"name":"wp","href":"https:\/\/api.w.org\/{rel}","templated":true}]}}