{"id":10605,"date":"2025-07-22T10:11:14","date_gmt":"2025-07-22T08:11:14","guid":{"rendered":"https:\/\/www.kath-kirche-lb.de\/st-thomas-und-johannes\/?p=10605"},"modified":"2025-07-22T19:44:59","modified_gmt":"2025-07-22T17:44:59","slug":"kirchen-kalendarisches-im-juli-3","status":"publish","type":"post","link":"https:\/\/www.kath-kirche-lb.de\/st-thomas-und-johannes\/2025\/07\/22\/kirchen-kalendarisches-im-juli-3\/","title":{"rendered":"Kirchen-Kalendarisches im Juli"},"content":{"rendered":"\n<p><em><u>Dem kostbaren Blut Jesu geweiht<\/u><\/em><\/p>\n\n\n\n<p><strong>1. Juli<\/strong><\/p>\n\n\n\n<p>Mirjam (ca. 1525 \u2013 1450 v. Chr.)<\/p>\n\n\n\n<p>Schwester des Mose und Aaron \u2013 Gedenktag<\/p>\n\n\n\n<p>Name bedeutet: die Sch\u00f6ne, die von Gott Geliebte<\/p>\n\n\n\n<p><strong>2. Juli &nbsp;&nbsp;&nbsp;&nbsp;&nbsp;&nbsp;&nbsp;&nbsp;&nbsp;&nbsp; <em>Das Fest Mari\u00e4 Heimsuchung der allerseligsten Jungfrau Maria<\/em><\/strong><\/p>\n\n\n\n<p><em>Bauernregeln: \u201eWie Maria ins Gebirg\u00b4 zieht ein,<br>so wird der ganze Juli sein.\u201c<\/em><\/p>\n\n\n\n<p><em>\u201eWie Maria fortgegangen, wird Magdalena (22.7.) sie empfangen.\u201c<\/em><\/p>\n\n\n\n<p><strong>3. Juli&nbsp;&nbsp;&nbsp;&nbsp;&nbsp;&nbsp;&nbsp;&nbsp;&nbsp;&nbsp;&nbsp;&nbsp;&nbsp;&nbsp;&nbsp;&nbsp;&nbsp;&nbsp;&nbsp;&nbsp;&nbsp;&nbsp;&nbsp;&nbsp; <\/strong><em><u><\/u><\/em><\/p>\n\n\n\n<p>Thomas, Apostel (+72 Indien)<br>Das Johannesevangelium berichtet von seinem Zweifel: Er kann erst an die Auferstehung Jesu glauben, wenn er seine H\u00e4nde in dessen Wunden legen darf.<\/p>\n\n\n\n<p><strong>4. Juli<\/strong><\/p>\n\n\n\n<p>Ulrichstag (973)<br>Attribute: Buch und Fisch<\/p>\n\n\n\n<p><em>Bauernregel: \u201eRegen am Ulrichstag, der Wurm die Birnen mag.\u201c<\/em><\/p>\n\n\n\n<p><strong>8. Juli<\/strong><\/p>\n\n\n\n<p>Kilian von W\u00fcrzburg (7. Jhd.)<br>Zu Ehren des hl. Kilian findet allj\u00e4hrlich rund um seinen Gedenktag in W\u00fcrzburg die \u201eKiliani-Wallfahrt\u201c statt.<\/p>\n\n\n\n<p><em>Bauernregel: \u201eIst\u00b4s zu St. Kilian sch\u00f6n, werden viele gute Tage vergeh\u00b4n.\u201c<\/em><\/p>\n\n\n\n<p><strong>9. Juli<\/strong><\/p>\n\n\n\n<p>Augustinus Zhao Rong<\/p>\n\n\n\n<p>A.Z.R. wurde zusammen mit 120 weiteren M\u00e4rtyrern, die w\u00e4hrend der Missionsepoche in China (17. Jh. Bis 1930) starben, 2000 heiliggesprochen. Ausnahmsweise war der Nachweis eines Wunders f\u00fcr jeden einzelnen M\u00e4rtyrer durch ein Dekret von Papst Johannes Paul II. nicht notwendig.<\/p>\n\n\n\n<p><strong>11. Juli<\/strong><\/p>\n\n\n\n<p>Benedikt von Nursia (*480)<\/p>\n\n\n\n<p><em>\u201eDen Weisen erkennt man an den wenigen Worten\u201c<\/em><\/p>\n\n\n\n<p><strong>13. Juli<\/strong><\/p>\n\n\n\n<p>Heinrich und Kunigunde (ca. 1000) (Herrscherpaar)<br>Attribute: Kirchenmodell, Krone, Zepter, Pflugschar<br>Patronin der Frauen in guter Hoffnung und der Kinder<\/p>\n\n\n\n<p><strong>16 Juli<\/strong><\/p>\n\n\n\n<p><em>Fest der allerseligsten Jungfrau Maria v. Berge Karmel (Skapulierfest)<\/em><\/p>\n\n\n\n<p><strong>17. Juli<\/strong><\/p>\n\n\n\n<p>Hedwig (Jadwiga) von Polen (14. Jhd.)<br>K\u00f6nigin von Polen<\/p>\n\n\n\n<p><strong>19. Juli<\/strong><\/p>\n\n\n\n<p>Makrina die J\u00fcngere (4. Jh.)<\/p>\n\n\n\n<p>In C\u00e4sarea (Kappadokien) unterst\u00fctzte sie ihre Eltern bei der Erziehung ihrer neun Geschwister. Sp\u00e4ter f\u00fchrte sie mit ihrer Mutter und weiteren Gef\u00e4hrtinnen ein Leben des Gebetes und der Bu\u00dfe. Nach manchen \u00dcberlieferungen war sie \u00c4btissin einer Klostergemeinschaft.<br>Ihre Gro\u00dfeltern hatten noch unter der Christenverfolgung von Maximus II zu leiden und wurden enteignet.<\/p>\n\n\n\n<p><strong>20. Juli<\/strong><\/p>\n\n\n\n<p>Margarita von Antiochien (ca. 300)<br>Attribute: Siegespalme, Drache<\/p>\n\n\n\n<p>Margari(e)ta geh\u00f6rt zu den 14 Nothelfern und bildet zusammen mit Katharina und Barbara die sog. \u201edrei heiligen Madl\u201c.<\/p>\n\n\n\n<p><em>Bauernregeln: \u201eMargaret bringt hei\u00dfe Glut, so ger\u00e4t der September gut.\u201c<br>\u201eMargaretenregen bringt Segen.\u201c<\/em><\/p>\n\n\n\n<p><strong>22. Juli<\/strong><\/p>\n\n\n\n<p>Maria Magdalena<br>Patronin der Frauen, Verf\u00fchrten, Friseure, Weber, G\u00e4rtner, Winzer, Sch\u00fcler:innen und Studierenden<\/p>\n\n\n\n<p>Interessantes: 2016 hat Papst Franziskus den Gedenktag Maria Magdalenas zum Fest aufgewertet. Damit wird sie nun auf gleicher Stufe verehrt wie die Apostel.<\/p>\n\n\n\n<p><em>Bauernregel: \u201eAn Magdalena regnet\u00b4s gern, denn sie weinte um den Herrn.\u201c<\/em><\/p>\n\n\n\n<p><strong>24. Juli<\/strong><\/p>\n\n\n\n<p>Christophorus (6. Jh.)<br>legend\u00e4rer Christustr\u00e4ger, der das Jesuskind durch den Fluss trug.<\/p>\n\n\n\n<p><strong>25. Juli<\/strong><\/p>\n\n\n\n<p>Jakobus der \u00c4ltere<br>Die Reliquien des Jakobus, die in einem Schrein in der Kathedrale von Santiago de Compostela aufbewahrt werden, sind j\u00e4hrlich das Ziel zehntausender Pilger, die zu Fu\u00df oder per Rad den ber\u00fchmten Jakobsweg zur\u00fccklegen.<\/p>\n\n\n\n<p>Attribute: Pilgerkleidung, Beutel, Stab, Pilgermuschel<br>Patron: der Pilger:innen, Arbeiter, Feldfr\u00fcchte und \u00c4pfel (Jakobs\u00e4pfel)<\/p>\n\n\n\n<p><strong>26. Juli<\/strong><\/p>\n\n\n\n<p>Joachim und Ana<br>Eltern der Gottesmutter Maria \u2013 Gro\u00dfeltern Jesu<br>Patronate<br>Joachim: der Eheleute und Schreiner;<br>Ana: der M\u00fctter, Hausfrauen und Arbeiterinnen, f\u00fcr eine gl\u00fcckliche Heirat und Ehe, f\u00fcr eine gute Geburt<br>Attribute: Joachim: Schriftrolle<br>Ana: als Anna selbdritt: auf dem Scho\u00df der alten Anna sitzt Maria, auf deren Scho\u00df der Jesusknabe<\/p>\n\n\n\n<p><strong>31. Juli<\/strong><\/p>\n\n\n\n<p>Ignatius von Loyola (1491-1556)<br>1536 gr\u00fcndete er zusammen mit Gleichgesinnten den Jesuitenorden.<br>Attribute: Buch, Fackel, flammendes Herz<\/p>\n\n\n\n<p>Patronat: der Jesuiten, der Exerzitien und Exerzitienh\u00e4user, der Soldaten, der Schwangeren und der Kinder, bei schwerer Geburt, gegen Fieber, Pest, Gewissensbisse, D\u00e4monen, gegen Krankheiten beim Vieh<\/p>\n","protected":false},"excerpt":{"rendered":"<p>Dem kostbaren Blut Jesu geweiht 1. Juli Mirjam (ca. 1525 \u2013 1450 v. Chr.) Schwester des Mose und Aaron \u2013 Gedenktag Name bedeutet: die Sch\u00f6ne, die von Gott Geliebte 2. Juli &nbsp;&nbsp;&nbsp;&nbsp;&nbsp;&nbsp;&nbsp;&nbsp;&nbsp;&nbsp; Das Fest Mari\u00e4 Heimsuchung der allerseligsten Jungfrau Maria Bauernregeln: \u201eWie Maria ins Gebirg\u00b4 zieht ein,so wird der ganze Juli sein.\u201c \u201eWie Maria fortgegangen, [&hellip;]<\/p>\n","protected":false},"author":18,"featured_media":10620,"comment_status":"closed","ping_status":"closed","sticky":false,"template":"","format":"standard","meta":{"footnotes":""},"categories":[1012],"tags":[],"class_list":["post-10605","post","type-post","status-publish","format-standard","has-post-thumbnail","hentry","category-thema-1"],"_links":{"self":[{"href":"https:\/\/www.kath-kirche-lb.de\/st-thomas-und-johannes\/wp-json\/wp\/v2\/posts\/10605","targetHints":{"allow":["GET"]}}],"collection":[{"href":"https:\/\/www.kath-kirche-lb.de\/st-thomas-und-johannes\/wp-json\/wp\/v2\/posts"}],"about":[{"href":"https:\/\/www.kath-kirche-lb.de\/st-thomas-und-johannes\/wp-json\/wp\/v2\/types\/post"}],"author":[{"embeddable":true,"href":"https:\/\/www.kath-kirche-lb.de\/st-thomas-und-johannes\/wp-json\/wp\/v2\/users\/18"}],"replies":[{"embeddable":true,"href":"https:\/\/www.kath-kirche-lb.de\/st-thomas-und-johannes\/wp-json\/wp\/v2\/comments?post=10605"}],"version-history":[{"count":1,"href":"https:\/\/www.kath-kirche-lb.de\/st-thomas-und-johannes\/wp-json\/wp\/v2\/posts\/10605\/revisions"}],"predecessor-version":[{"id":10607,"href":"https:\/\/www.kath-kirche-lb.de\/st-thomas-und-johannes\/wp-json\/wp\/v2\/posts\/10605\/revisions\/10607"}],"wp:featuredmedia":[{"embeddable":true,"href":"https:\/\/www.kath-kirche-lb.de\/st-thomas-und-johannes\/wp-json\/wp\/v2\/media\/10620"}],"wp:attachment":[{"href":"https:\/\/www.kath-kirche-lb.de\/st-thomas-und-johannes\/wp-json\/wp\/v2\/media?parent=10605"}],"wp:term":[{"taxonomy":"category","embeddable":true,"href":"https:\/\/www.kath-kirche-lb.de\/st-thomas-und-johannes\/wp-json\/wp\/v2\/categories?post=10605"},{"taxonomy":"post_tag","embeddable":true,"href":"https:\/\/www.kath-kirche-lb.de\/st-thomas-und-johannes\/wp-json\/wp\/v2\/tags?post=10605"}],"curies":[{"name":"wp","href":"https:\/\/api.w.org\/{rel}","templated":true}]}}