{"id":10866,"date":"2025-10-07T17:35:57","date_gmt":"2025-10-07T15:35:57","guid":{"rendered":"https:\/\/www.kath-kirche-lb.de\/dreieinigkeit\/?p=7607"},"modified":"2025-10-07T17:35:57","modified_gmt":"2025-10-07T15:35:57","slug":"internationaler-gottesdienst-am-19-10-im-bsh","status":"publish","type":"post","link":"https:\/\/www.kath-kirche-lb.de\/st-thomas-und-johannes\/2025\/10\/07\/internationaler-gottesdienst-am-19-10-im-bsh\/","title":{"rendered":"Internationaler Gottesdienst am 19.10. im BSH"},"content":{"rendered":"\n<p>Der Gottesdienst am Sonntag den 19.10. findet nicht um 9.30 Uhr in der evangelischen Stadtkirche statt, wie im Katholisch in Ludwigsburg vermeldet wurde, sondern um 10.00 Uhr im Bischof-Sprollhaus, da hier die R\u00e4umlichkeiten f\u00fcr das anschlie\u00dfende Essen vorhanden sind.<\/p>\n\n\n\n<figure class=\"wp-block-image size-large\"><img decoding=\"async\" src=\"https:\/\/www.kath-kirche-lb.de\/dreieinigkeit\/wp-content\/uploads\/sites\/4\/2025\/10\/internationaler-Gottesdienst-1024x724.png\" alt=\"\" class=\"wp-image-7608\" \/><\/figure>\n","protected":false},"excerpt":{"rendered":"<p>Der Gottesdienst am Sonntag den 19.10. findet nicht um 9.30 Uhr in der evangelischen Stadtkirche statt, wie im Katholisch in Ludwigsburg vermeldet wurde, sondern um 10.00 Uhr im Bischof-Sprollhaus, da hier die R\u00e4umlichkeiten f\u00fcr das anschlie\u00dfende Essen vorhanden sind.<\/p>\n","protected":false},"author":19,"featured_media":0,"comment_status":"closed","ping_status":"open","sticky":false,"template":"","format":"standard","meta":{"footnotes":""},"categories":[1008,7],"tags":[],"class_list":["post-10866","post","type-post","status-publish","format-standard","hentry","category-aktuelles","category-alle_gemeinden"],"_links":{"self":[{"href":"https:\/\/www.kath-kirche-lb.de\/st-thomas-und-johannes\/wp-json\/wp\/v2\/posts\/10866","targetHints":{"allow":["GET"]}}],"collection":[{"href":"https:\/\/www.kath-kirche-lb.de\/st-thomas-und-johannes\/wp-json\/wp\/v2\/posts"}],"about":[{"href":"https:\/\/www.kath-kirche-lb.de\/st-thomas-und-johannes\/wp-json\/wp\/v2\/types\/post"}],"author":[{"embeddable":true,"href":"https:\/\/www.kath-kirche-lb.de\/st-thomas-und-johannes\/wp-json\/wp\/v2\/users\/19"}],"replies":[{"embeddable":true,"href":"https:\/\/www.kath-kirche-lb.de\/st-thomas-und-johannes\/wp-json\/wp\/v2\/comments?post=10866"}],"version-history":[{"count":0,"href":"https:\/\/www.kath-kirche-lb.de\/st-thomas-und-johannes\/wp-json\/wp\/v2\/posts\/10866\/revisions"}],"wp:attachment":[{"href":"https:\/\/www.kath-kirche-lb.de\/st-thomas-und-johannes\/wp-json\/wp\/v2\/media?parent=10866"}],"wp:term":[{"taxonomy":"category","embeddable":true,"href":"https:\/\/www.kath-kirche-lb.de\/st-thomas-und-johannes\/wp-json\/wp\/v2\/categories?post=10866"},{"taxonomy":"post_tag","embeddable":true,"href":"https:\/\/www.kath-kirche-lb.de\/st-thomas-und-johannes\/wp-json\/wp\/v2\/tags?post=10866"}],"curies":[{"name":"wp","href":"https:\/\/api.w.org\/{rel}","templated":true}]}}