{"id":11014,"date":"2025-11-04T11:23:00","date_gmt":"2025-11-04T10:23:00","guid":{"rendered":"https:\/\/www.kath-kirche-lb.de\/st-thomas-und-johannes\/?p=11014"},"modified":"2025-11-04T11:23:06","modified_gmt":"2025-11-04T10:23:06","slug":"erntedank-in-eglosheim","status":"publish","type":"post","link":"https:\/\/www.kath-kirche-lb.de\/st-thomas-und-johannes\/2025\/11\/04\/erntedank-in-eglosheim\/","title":{"rendered":"Erntedank in Eglosheim:"},"content":{"rendered":"\n<p><strong>Reicher Erntesegen f\u00fcr das Hirschbergl\u00e4dle<\/strong><\/p>\n\n\n\n<p>Das Hirschbergl\u00e4dle ist ein Juwel in Eglosheim! Wenn es dieses nicht schon g\u00e4be, m\u00fcsste man es erfinden! An jedem \u00d6ffnungstag kommen viele Menschen mit kleinem Geldbeutel, um sich hier f\u00fcr wenig Geld mit dem N\u00f6tigsten zu versorgen.<br>Damit das weiterhin m\u00f6glich ist, waren sich Viele einig, dass gesammelt werden muss.<br><\/p>\n\n\n\n<div class=\"wp-block-media-text is-stacked-on-mobile\" style=\"grid-template-columns:42% auto\"><figure class=\"wp-block-media-text__media\"><img loading=\"lazy\" decoding=\"async\" width=\"1000\" height=\"750\" src=\"https:\/\/www.kath-kirche-lb.de\/st-thomas-und-johannes\/wp-content\/uploads\/sites\/8\/2025\/11\/Erntedank-Sankt-Johann.jpg\" alt=\"\" class=\"wp-image-11016 size-full\" srcset=\"https:\/\/www.kath-kirche-lb.de\/st-thomas-und-johannes\/wp-content\/uploads\/sites\/8\/2025\/11\/Erntedank-Sankt-Johann.jpg 1000w, https:\/\/www.kath-kirche-lb.de\/st-thomas-und-johannes\/wp-content\/uploads\/sites\/8\/2025\/11\/Erntedank-Sankt-Johann-300x225.jpg 300w, https:\/\/www.kath-kirche-lb.de\/st-thomas-und-johannes\/wp-content\/uploads\/sites\/8\/2025\/11\/Erntedank-Sankt-Johann-768x576.jpg 768w\" sizes=\"auto, (max-width: 1000px) 100vw, 1000px\" \/><\/figure><div class=\"wp-block-media-text__content\">\n<p>In den Kirchen wurde das Erntedankfest gefeiert und dabei wurden die Stufen und die Alt\u00e4re liebevoll geschm\u00fcckt mit gespendeten Lebensmitteln. Frisches Obst und Gem\u00fcse sowie gut verpackte haltbare Lebensmittel ergaben ein pr\u00e4chtiges Bild.<\/p>\n<\/div><\/div>\n\n\n\n<div class=\"wp-block-media-text has-media-on-the-right is-stacked-on-mobile\" style=\"grid-template-columns:auto 29%\"><div class=\"wp-block-media-text__content\">\n<p>Umfangreiche und vielf\u00e4ltige Lebensmittelspenden wurden zusammengestellt in den Gottesdiensten in der Katharinenkirche, in der St. Thomas-Morus-Kirche und in der Kirche St. Johann. Sie wurden eingebracht von den kirchlichen Kinderg\u00e4rten mit Standorten von Pflugfelden bis Eglosheim, von der Gemeinde der Vers\u00f6hnungskirche, von der Strick- und H\u00e4kelgruppe im Alexanderstift und von weiteren Gruppierungen. Hinzu kamen zahlreiche Einzelspenden f\u00fcr diesen guten Zweck.<\/p>\n<\/div><figure class=\"wp-block-media-text__media\"><img loading=\"lazy\" decoding=\"async\" width=\"703\" height=\"934\" src=\"https:\/\/www.kath-kirche-lb.de\/st-thomas-und-johannes\/wp-content\/uploads\/sites\/8\/2025\/11\/Erntedank-Sankt-Thomas-Morus.jpg\" alt=\"\" class=\"wp-image-11017 size-full\" srcset=\"https:\/\/www.kath-kirche-lb.de\/st-thomas-und-johannes\/wp-content\/uploads\/sites\/8\/2025\/11\/Erntedank-Sankt-Thomas-Morus.jpg 703w, https:\/\/www.kath-kirche-lb.de\/st-thomas-und-johannes\/wp-content\/uploads\/sites\/8\/2025\/11\/Erntedank-Sankt-Thomas-Morus-226x300.jpg 226w, https:\/\/www.kath-kirche-lb.de\/st-thomas-und-johannes\/wp-content\/uploads\/sites\/8\/2025\/11\/Erntedank-Sankt-Thomas-Morus-300x400.jpg 300w\" sizes=\"auto, (max-width: 703px) 100vw, 703px\" \/><\/figure><\/div>\n\n\n\n<div class=\"wp-block-media-text is-stacked-on-mobile\" style=\"grid-template-columns:36% auto\"><figure class=\"wp-block-media-text__media\"><img loading=\"lazy\" decoding=\"async\" width=\"1000\" height=\"693\" src=\"https:\/\/www.kath-kirche-lb.de\/st-thomas-und-johannes\/wp-content\/uploads\/sites\/8\/2025\/11\/Erntedank-Katharinenkirche-1.jpg\" alt=\"\" class=\"wp-image-11018 size-full\" srcset=\"https:\/\/www.kath-kirche-lb.de\/st-thomas-und-johannes\/wp-content\/uploads\/sites\/8\/2025\/11\/Erntedank-Katharinenkirche-1.jpg 1000w, https:\/\/www.kath-kirche-lb.de\/st-thomas-und-johannes\/wp-content\/uploads\/sites\/8\/2025\/11\/Erntedank-Katharinenkirche-1-300x208.jpg 300w, https:\/\/www.kath-kirche-lb.de\/st-thomas-und-johannes\/wp-content\/uploads\/sites\/8\/2025\/11\/Erntedank-Katharinenkirche-1-768x532.jpg 768w\" sizes=\"auto, (max-width: 1000px) 100vw, 1000px\" \/><\/figure><div class=\"wp-block-media-text__content\">\n<p>Frau Marlies Pisko und ihr engagiertes Team freuen sich, wieder viele haltbare Lebensmittel anbieten zu k\u00f6nnen und danken herzlich allen Spendern.<\/p>\n<\/div><\/div>\n\n\n\n<p class=\"has-text-align-right\">Irmgard Bertsch<\/p>\n","protected":false},"excerpt":{"rendered":"<p>Reicher Erntesegen f\u00fcr das Hirschbergl\u00e4dle Das Hirschbergl\u00e4dle ist ein Juwel in Eglosheim! Wenn es dieses nicht schon g\u00e4be, m\u00fcsste man es erfinden! An jedem \u00d6ffnungstag kommen viele Menschen mit kleinem Geldbeutel, um sich hier f\u00fcr wenig Geld mit dem N\u00f6tigsten zu versorgen.Damit das weiterhin m\u00f6glich ist, waren sich Viele einig, dass gesammelt werden muss. In [&hellip;]<\/p>\n","protected":false},"author":18,"featured_media":11019,"comment_status":"closed","ping_status":"closed","sticky":false,"template":"","format":"standard","meta":{"footnotes":""},"categories":[62],"tags":[],"class_list":["post-11014","post","type-post","status-publish","format-standard","has-post-thumbnail","hentry","category-thema-2"],"_links":{"self":[{"href":"https:\/\/www.kath-kirche-lb.de\/st-thomas-und-johannes\/wp-json\/wp\/v2\/posts\/11014","targetHints":{"allow":["GET"]}}],"collection":[{"href":"https:\/\/www.kath-kirche-lb.de\/st-thomas-und-johannes\/wp-json\/wp\/v2\/posts"}],"about":[{"href":"https:\/\/www.kath-kirche-lb.de\/st-thomas-und-johannes\/wp-json\/wp\/v2\/types\/post"}],"author":[{"embeddable":true,"href":"https:\/\/www.kath-kirche-lb.de\/st-thomas-und-johannes\/wp-json\/wp\/v2\/users\/18"}],"replies":[{"embeddable":true,"href":"https:\/\/www.kath-kirche-lb.de\/st-thomas-und-johannes\/wp-json\/wp\/v2\/comments?post=11014"}],"version-history":[{"count":1,"href":"https:\/\/www.kath-kirche-lb.de\/st-thomas-und-johannes\/wp-json\/wp\/v2\/posts\/11014\/revisions"}],"predecessor-version":[{"id":11020,"href":"https:\/\/www.kath-kirche-lb.de\/st-thomas-und-johannes\/wp-json\/wp\/v2\/posts\/11014\/revisions\/11020"}],"wp:featuredmedia":[{"embeddable":true,"href":"https:\/\/www.kath-kirche-lb.de\/st-thomas-und-johannes\/wp-json\/wp\/v2\/media\/11019"}],"wp:attachment":[{"href":"https:\/\/www.kath-kirche-lb.de\/st-thomas-und-johannes\/wp-json\/wp\/v2\/media?parent=11014"}],"wp:term":[{"taxonomy":"category","embeddable":true,"href":"https:\/\/www.kath-kirche-lb.de\/st-thomas-und-johannes\/wp-json\/wp\/v2\/categories?post=11014"},{"taxonomy":"post_tag","embeddable":true,"href":"https:\/\/www.kath-kirche-lb.de\/st-thomas-und-johannes\/wp-json\/wp\/v2\/tags?post=11014"}],"curies":[{"name":"wp","href":"https:\/\/api.w.org\/{rel}","templated":true}]}}