{"id":3301,"date":"2022-03-05T16:08:18","date_gmt":"2022-03-05T15:08:18","guid":{"rendered":"https:\/\/www.kath-kirche-lb.de\/st-thomas-und-johannes\/?p=3301"},"modified":"2022-03-06T20:26:13","modified_gmt":"2022-03-06T19:26:13","slug":"passionszeit","status":"publish","type":"post","link":"https:\/\/www.kath-kirche-lb.de\/st-thomas-und-johannes\/2022\/03\/05\/passionszeit\/","title":{"rendered":"Passionszeit"},"content":{"rendered":"\n<div class=\"wp-block-media-text alignwide is-stacked-on-mobile\" style=\"grid-template-columns:15% auto\"><figure class=\"wp-block-media-text__media\"><img loading=\"lazy\" decoding=\"async\" width=\"480\" height=\"640\" src=\"https:\/\/www.kath-kirche-lb.de\/st-thomas-und-johannes\/wp-content\/uploads\/sites\/8\/2022\/02\/IMG_6234-1-rotated.jpg\" alt=\"\" class=\"wp-image-3246 size-full\" srcset=\"https:\/\/www.kath-kirche-lb.de\/st-thomas-und-johannes\/wp-content\/uploads\/sites\/8\/2022\/02\/IMG_6234-1-rotated.jpg 480w, https:\/\/www.kath-kirche-lb.de\/st-thomas-und-johannes\/wp-content\/uploads\/sites\/8\/2022\/02\/IMG_6234-1-225x300.jpg 225w, https:\/\/www.kath-kirche-lb.de\/st-thomas-und-johannes\/wp-content\/uploads\/sites\/8\/2022\/02\/IMG_6234-1-300x400.jpg 300w\" sizes=\"auto, (max-width: 480px) 100vw, 480px\" \/><\/figure><div class=\"wp-block-media-text__content\">\n<p class=\"has-medium-font-size\">Fastenzeit<\/p>\n\n\n\n<p>Die Fastenzeit dauert 46 Tage von Aschermittwoch, 2. M\u00e4rz bis Karsamstag, 16. April. Die sechs Sonntage sind eigentlich fastenfrei. Jesus fastete 40 Tage in der W\u00fcste. Heute verzichten viele Menschen in der Passionszeit auf Fleisch, S\u00fc\u00dfigkeiten, Autofahren oder schr\u00e4nken sich in ihrer digitalen Vernetztheit ein. Der Verzicht auf Milchprodukte war im Mittelalter gang und g\u00e4be.<\/p>\n\n\n\n<p><strong>Kirchen-Kalendarisches<\/strong><\/p>\n\n\n\n<p><strong>3. M\u00e4rz&nbsp;<\/strong>Heilige Kunigunde \u2013 Patronin des Viehs<br>Wetterspruch zum Nachlassen der Bodenfr\u00f6ste: \u201eKunigund\u00b4 macht warm von unt\u201c<br>Vor dem versammelten Volk ging sie \u00fcber gl\u00fchende Pflugscharen \u2013 und blieb dabei v\u00f6llig unversehrt.<\/p>\n\n\n\n<p><strong>12. M\u00e4rz&nbsp;<\/strong>Heiliger Gregor I. d. Gr., Papst<br>Gedenktagverschiebung auf den 3. September, da der Festtag in der Fastenzeit l\u00e4ge<br>Gregoritag \u2013 Schutzherr der Schulen<br>Geh\u00f6rt zu den vier lateinischen Kirchenv\u00e4tern: Ambrosius, Hieronymus, Augustinus<\/p>\n\n\n\n<p><strong>17. M\u00e4rz&nbsp;<\/strong>Heiliger Patrick<br>St. Patrick\u00b4s Day \u2013 \u201eApostel Irlands\u201c<\/p>\n\n\n\n<p><strong>19. M\u00e4rz&nbsp;<\/strong>Heiliger Josef \u2013 N\u00e4hrvater Jesu<br>Josefitag \u2013 Schutzpatron der Arbeiter besonders der Zimmerleute<br>Schutzheiliger der ganzen Kirche<\/p>\n\n\n\n<p><strong>24. M\u00e4rz&nbsp;<\/strong><em>Mari\u00e4 Verk\u00fcndigung<\/em><\/p>\n<\/div><\/div>\n\n\n\n<p><\/p>\n\n\n\n<p><\/p>\n","protected":false},"excerpt":{"rendered":"<p>Fastenzeit Die Fastenzeit dauert 46 Tage von Aschermittwoch, 2. M\u00e4rz bis Karsamstag, 16. April. Die sechs Sonntage sind eigentlich fastenfrei. Jesus fastete 40 Tage in der W\u00fcste. Heute verzichten viele Menschen in der Passionszeit auf Fleisch, S\u00fc\u00dfigkeiten, Autofahren oder schr\u00e4nken sich in ihrer digitalen Vernetztheit ein. Der Verzicht auf Milchprodukte war im Mittelalter gang und [&hellip;]<\/p>\n","protected":false},"author":22,"featured_media":0,"comment_status":"closed","ping_status":"closed","sticky":false,"template":"","format":"standard","meta":{"footnotes":""},"categories":[4],"tags":[],"class_list":["post-3301","post","type-post","status-publish","format-standard","hentry","category-topthema"],"_links":{"self":[{"href":"https:\/\/www.kath-kirche-lb.de\/st-thomas-und-johannes\/wp-json\/wp\/v2\/posts\/3301","targetHints":{"allow":["GET"]}}],"collection":[{"href":"https:\/\/www.kath-kirche-lb.de\/st-thomas-und-johannes\/wp-json\/wp\/v2\/posts"}],"about":[{"href":"https:\/\/www.kath-kirche-lb.de\/st-thomas-und-johannes\/wp-json\/wp\/v2\/types\/post"}],"author":[{"embeddable":true,"href":"https:\/\/www.kath-kirche-lb.de\/st-thomas-und-johannes\/wp-json\/wp\/v2\/users\/22"}],"replies":[{"embeddable":true,"href":"https:\/\/www.kath-kirche-lb.de\/st-thomas-und-johannes\/wp-json\/wp\/v2\/comments?post=3301"}],"version-history":[{"count":5,"href":"https:\/\/www.kath-kirche-lb.de\/st-thomas-und-johannes\/wp-json\/wp\/v2\/posts\/3301\/revisions"}],"predecessor-version":[{"id":3332,"href":"https:\/\/www.kath-kirche-lb.de\/st-thomas-und-johannes\/wp-json\/wp\/v2\/posts\/3301\/revisions\/3332"}],"wp:attachment":[{"href":"https:\/\/www.kath-kirche-lb.de\/st-thomas-und-johannes\/wp-json\/wp\/v2\/media?parent=3301"}],"wp:term":[{"taxonomy":"category","embeddable":true,"href":"https:\/\/www.kath-kirche-lb.de\/st-thomas-und-johannes\/wp-json\/wp\/v2\/categories?post=3301"},{"taxonomy":"post_tag","embeddable":true,"href":"https:\/\/www.kath-kirche-lb.de\/st-thomas-und-johannes\/wp-json\/wp\/v2\/tags?post=3301"}],"curies":[{"name":"wp","href":"https:\/\/api.w.org\/{rel}","templated":true}]}}