{"id":3575,"date":"2022-03-25T05:54:05","date_gmt":"2022-03-25T05:54:05","guid":{"rendered":"https:\/\/www.kath-kirche-lb.de\/?p=17539"},"modified":"2022-03-25T06:57:00","modified_gmt":"2022-03-25T05:57:00","slug":"sei-du-ein-willkommens-gesicht","status":"publish","type":"post","link":"https:\/\/www.kath-kirche-lb.de\/st-thomas-und-johannes\/2022\/03\/25\/sei-du-ein-willkommens-gesicht\/","title":{"rendered":"Sei Du ein Willkommens-Gesicht"},"content":{"rendered":"\n<p>Die Kath. Kirche Ludwigsburg wird ab dem 01. April 2022 SPIELGRUPPEN f\u00fcr neu angekommene Kinder und M\u00fctter ukrainischer Familien anbieten.<\/p>\n\n\n\n<p>Hierf\u00fcr suchen wir engagierte Ehrenamtliche, welche in einem Helferteam 3x 3h\/ w\u00f6chentlich im Bischof- Sproll- Haus, Schorndorfer Stra\u00dfe 31, 71638 LB f\u00fcr Abwechslung, erste Kontakte und einen guten Start bei uns unterst\u00fctzen. Ein weiteres Geschenk w\u00e4re es, wenn Sie ukrainisch, polnisch, kroatisch oder russisch sprechen und somit sprachlich Br\u00fccken bauen k\u00f6nnen.<\/p>\n\n\n\n<p>Wenn Sie sich angesprochen f\u00fchlen, so wenden Sie sich gerne an<br><\/p>\n\n\n\n<p>Ludger Hoffkamp<br>Pastoralreferent und Kindergartenbeauftragter Pastoral<br>Schorndorfer Str. 31, 71638 Ludwigsburg<br>Tel.: 07141-3733770<br>Mobil: 0176-24513820<br>Mail: ludger.hoffkamp@drs.de<br><\/p>\n\n\n\n<p>Gerne nehmen Sie Kontakt mit uns auf und verbreiten diesen Aufruf weiter! Herzlichen Dank!<\/p>\n","protected":false},"excerpt":{"rendered":"<p>Die Kath. Kirche Ludwigsburg wird ab dem 01. April 2022<br \/>\nSPIELGRUPPEN<br \/>\nf\u00fcr neu angekommene Kinder und M\u00fctter ukrainischer Familien<br \/>\nanbieten.<\/p>\n","protected":false},"author":20,"featured_media":3579,"comment_status":"closed","ping_status":"open","sticky":false,"template":"","format":"standard","meta":{"footnotes":""},"categories":[7,8],"tags":[],"class_list":["post-3575","post","type-post","status-publish","format-standard","has-post-thumbnail","hentry","category-alle_gemeinden","category-gesamtkirche"],"_links":{"self":[{"href":"https:\/\/www.kath-kirche-lb.de\/st-thomas-und-johannes\/wp-json\/wp\/v2\/posts\/3575","targetHints":{"allow":["GET"]}}],"collection":[{"href":"https:\/\/www.kath-kirche-lb.de\/st-thomas-und-johannes\/wp-json\/wp\/v2\/posts"}],"about":[{"href":"https:\/\/www.kath-kirche-lb.de\/st-thomas-und-johannes\/wp-json\/wp\/v2\/types\/post"}],"author":[{"embeddable":true,"href":"https:\/\/www.kath-kirche-lb.de\/st-thomas-und-johannes\/wp-json\/wp\/v2\/users\/20"}],"replies":[{"embeddable":true,"href":"https:\/\/www.kath-kirche-lb.de\/st-thomas-und-johannes\/wp-json\/wp\/v2\/comments?post=3575"}],"version-history":[{"count":1,"href":"https:\/\/www.kath-kirche-lb.de\/st-thomas-und-johannes\/wp-json\/wp\/v2\/posts\/3575\/revisions"}],"predecessor-version":[{"id":3577,"href":"https:\/\/www.kath-kirche-lb.de\/st-thomas-und-johannes\/wp-json\/wp\/v2\/posts\/3575\/revisions\/3577"}],"wp:featuredmedia":[{"embeddable":true,"href":"https:\/\/www.kath-kirche-lb.de\/st-thomas-und-johannes\/wp-json\/wp\/v2\/media\/3579"}],"wp:attachment":[{"href":"https:\/\/www.kath-kirche-lb.de\/st-thomas-und-johannes\/wp-json\/wp\/v2\/media?parent=3575"}],"wp:term":[{"taxonomy":"category","embeddable":true,"href":"https:\/\/www.kath-kirche-lb.de\/st-thomas-und-johannes\/wp-json\/wp\/v2\/categories?post=3575"},{"taxonomy":"post_tag","embeddable":true,"href":"https:\/\/www.kath-kirche-lb.de\/st-thomas-und-johannes\/wp-json\/wp\/v2\/tags?post=3575"}],"curies":[{"name":"wp","href":"https:\/\/api.w.org\/{rel}","templated":true}]}}