{"id":3588,"date":"2022-04-01T00:01:00","date_gmt":"2022-03-31T22:01:00","guid":{"rendered":"https:\/\/www.kath-kirche-lb.de\/st-thomas-und-johannes\/?p=3588"},"modified":"2022-04-26T21:22:38","modified_gmt":"2022-04-26T19:22:38","slug":"kirchen-kalendarisches-im-april","status":"publish","type":"post","link":"https:\/\/www.kath-kirche-lb.de\/st-thomas-und-johannes\/2022\/04\/01\/kirchen-kalendarisches-im-april\/","title":{"rendered":"Kirchen-Kalendarisches im April"},"content":{"rendered":"\n<p><strong>2. April<\/strong><\/p>\n\n\n\n<p>Heiliger Franz von Paola:<\/p>\n\n\n\n<p>\u201eDie Einsiedler lehren und predigen nicht; sie schweigen.<br>&nbsp;&nbsp;&nbsp;&nbsp;&nbsp;&nbsp;&nbsp; Und schweigend \u00f6ffnen sie sich der Stimme Gottes.\u201c<\/p>\n\n\n\n<p><strong>3. April<\/strong><\/p>\n\n\n\n<p>Heiliger Aloisius Scrosoppi (1804-1884)<\/p>\n\n\n\n<p>Seit 2010 ist Aloisius wegen seines Einsatzes f\u00fcr Jugendliche SchutzPatron der <strong>Fu\u00dfballer<\/strong>. Eine Statue in der Pfarre P\u00f6tschach am W\u00f6rther See zeigt den Heiligen mit einem Fu\u00dfball im Arm.<\/p>\n\n\n\n<p><strong>5. April<\/strong><\/p>\n\n\n\n<p>Heilige Juliana von L\u00fcttich<\/p>\n\n\n\n<p>Seit 1208 hatte Juliana Visionen, die ihr auftrugen, sich in der Kirche f\u00fcr die Einf\u00fchrung eines Festes einzusetzen, das der Verehrung der Eucharistie dient.<br>In diesen Jahren wurde die Realpr\u00e4senz Christi in der Eucharistie diskutiert<br>Juliana vertraute ihre Schau den Mitschwestern Agnes, Ozilia und Isabella an und schloss mit ihnen einen \u201egeistlichen Bund\u201c zur F\u00f6rderung der <strong>Verehrung des<\/strong> <strong>Allerheiligsten. <\/strong>1246 wurde das <strong>Fronleichnamsfest<\/strong> durch Bischof Robert von Thorote in der Di\u00f6zese L\u00fcttich eingef\u00fchrt; ein Fest, bei dem die Gl\u00e4ubigen die Eucharistie anbeten konnten, um den Glauben zu mehren.<br>1264 f\u00fchrte Papst Urban IV, der vorher Erzdiakon in L\u00fcttich war und Juliana kannte, das Fest f\u00fcr die ganze Kirche ein.<\/p>\n\n\n\n<p><strong>17. April<\/strong><\/p>\n\n\n\n<p>Max Josef Metzger, Priester<br>(Selig- und Heiligsprechungsprozess abgeschlossen und weitergegeben)<\/p>\n\n\n\n<p>Friedensk\u00e4mpfer, Antimilitarist, Antifaschist<br>17. April 1944 hingerichtet<\/p>\n\n\n\n<p><strong>21. April<\/strong><\/p>\n\n\n\n<p>Heiliger Anselm von Canterbury<\/p>\n\n\n\n<p>Die theologischen Arbeiten des Kirchenlehrers genie\u00dfen zur Gottes- und Vers\u00f6hnungslehre eine besondere Bedeutung.<\/p>\n\n\n\n<p><strong>23. April<\/strong><\/p>\n\n\n\n<p>Heiliger Georg<\/p>\n\n\n\n<p>Sein Name steht f\u00fcr Tapferkeit, N\u00e4chstenliebe, Ritterlichkeit und H\u00f6flichkeit:<\/p>\n\n\n\n<p>Der Heilige Georg ist wohl eines der heroischsten Vorbilder der gesamten Christenheit. Am bekanntesten ist das Bild des Heiligen, wie er als Ritter auf einem Pferd sitzt und einen \u00fcberm\u00e4chtig erscheinenden Drachen bek\u00e4mpft, der das B\u00f6se symbolisiert. Das neue Bewusstsein darf nun siegen.<\/p>\n\n\n\n<p>Anfang des 3. Jahrhunderts fiel er Diokletians Christenverfolgung zum Opfer.<\/p>\n\n\n\n<p>Patron der Soldaten, Pfadfinder, Wanderinnen, Wanderer \u2026<\/p>\n\n\n\n<p><strong><em>\u201eAuf Sankt Georgs G\u00fcte \/ stehen alle B\u00e4um in Bl\u00fcte.\u201c<\/em><\/strong><\/p>\n\n\n\n<p><strong>25. April<\/strong><\/p>\n\n\n\n<p>Markus<\/p>\n\n\n\n<p>Die \u00dcberlieferung schreibt ihm die Verfasserschaft des Markusevangeliums zu.<br>Sein Attribut als Evangelist ist ein L\u00f6we.<\/p>\n\n\n\n<p><strong>29. April<\/strong><\/p>\n\n\n\n<p>Heilige Katharina von Siena<\/p>\n\n\n\n<p><strong><em>Mitpatronin Europas<\/em><\/strong><\/p>\n","protected":false},"excerpt":{"rendered":"<p>2. April Heiliger Franz von Paola: \u201eDie Einsiedler lehren und predigen nicht; sie schweigen.&nbsp;&nbsp;&nbsp;&nbsp;&nbsp;&nbsp;&nbsp; Und schweigend \u00f6ffnen sie sich der Stimme Gottes.\u201c 3. April Heiliger Aloisius Scrosoppi (1804-1884) Seit 2010 ist Aloisius wegen seines Einsatzes f\u00fcr Jugendliche SchutzPatron der Fu\u00dfballer. Eine Statue in der Pfarre P\u00f6tschach am W\u00f6rther See zeigt den Heiligen mit einem Fu\u00dfball [&hellip;]<\/p>\n","protected":false},"author":22,"featured_media":3590,"comment_status":"closed","ping_status":"closed","sticky":false,"template":"","format":"standard","meta":{"footnotes":""},"categories":[4],"tags":[1010],"class_list":["post-3588","post","type-post","status-publish","format-standard","has-post-thumbnail","hentry","category-topthema","tag-kirchen-kalendarische"],"_links":{"self":[{"href":"https:\/\/www.kath-kirche-lb.de\/st-thomas-und-johannes\/wp-json\/wp\/v2\/posts\/3588","targetHints":{"allow":["GET"]}}],"collection":[{"href":"https:\/\/www.kath-kirche-lb.de\/st-thomas-und-johannes\/wp-json\/wp\/v2\/posts"}],"about":[{"href":"https:\/\/www.kath-kirche-lb.de\/st-thomas-und-johannes\/wp-json\/wp\/v2\/types\/post"}],"author":[{"embeddable":true,"href":"https:\/\/www.kath-kirche-lb.de\/st-thomas-und-johannes\/wp-json\/wp\/v2\/users\/22"}],"replies":[{"embeddable":true,"href":"https:\/\/www.kath-kirche-lb.de\/st-thomas-und-johannes\/wp-json\/wp\/v2\/comments?post=3588"}],"version-history":[{"count":6,"href":"https:\/\/www.kath-kirche-lb.de\/st-thomas-und-johannes\/wp-json\/wp\/v2\/posts\/3588\/revisions"}],"predecessor-version":[{"id":3844,"href":"https:\/\/www.kath-kirche-lb.de\/st-thomas-und-johannes\/wp-json\/wp\/v2\/posts\/3588\/revisions\/3844"}],"wp:featuredmedia":[{"embeddable":true,"href":"https:\/\/www.kath-kirche-lb.de\/st-thomas-und-johannes\/wp-json\/wp\/v2\/media\/3590"}],"wp:attachment":[{"href":"https:\/\/www.kath-kirche-lb.de\/st-thomas-und-johannes\/wp-json\/wp\/v2\/media?parent=3588"}],"wp:term":[{"taxonomy":"category","embeddable":true,"href":"https:\/\/www.kath-kirche-lb.de\/st-thomas-und-johannes\/wp-json\/wp\/v2\/categories?post=3588"},{"taxonomy":"post_tag","embeddable":true,"href":"https:\/\/www.kath-kirche-lb.de\/st-thomas-und-johannes\/wp-json\/wp\/v2\/tags?post=3588"}],"curies":[{"name":"wp","href":"https:\/\/api.w.org\/{rel}","templated":true}]}}