{"id":3663,"date":"2022-04-01T16:36:44","date_gmt":"2022-04-01T16:36:44","guid":{"rendered":"https:\/\/www.kath-kirche-lb.de\/?p=17596"},"modified":"2022-04-01T18:44:23","modified_gmt":"2022-04-01T16:44:23","slug":"halt-finden-in-der-bewegung","status":"publish","type":"post","link":"https:\/\/www.kath-kirche-lb.de\/st-thomas-und-johannes\/2022\/04\/01\/halt-finden-in-der-bewegung\/","title":{"rendered":"Halt finden in der Bewegung, Fahrradexerzitien"},"content":{"rendered":"\n<figure class=\"wp-block-image size-full\"><img decoding=\"async\" src=\"https:\/\/www.kath-kirche-lb.de\/wp-content\/uploads\/2022\/04\/fahrradexerzizien22_norm96_4c.jpg\" alt=\"\" class=\"wp-image-17597\" \/><figcaption>Du hast dir f\u00fcr uns<br>ein seltsames Gleichgewicht ausgedacht,<br>ein Gleichgewicht, in das man nicht hineinkommt,<br>und das man nicht halten kann,<br>es sei denn in der Bewegung,<br>im schwungvollen Voran.<br><em>Madeleine Delbrel<\/em><br><br><strong>Fahrradexerzitien vom 08.-10.07.2022<\/strong><br>Die sommerliche Landschaft an Neckar, Kocher und Ohrn weitet die Seele beim Radfahren. Stabilit\u00e4t finden in der Bewegung, Entspannung finden in der Anstrengung, Achtsamkeit \u00fcben gegen\u00fcber der Natur und gegen\u00fcber unserem eigenen K\u00f6rper, das k\u00f6nnen wir erfahren, bei diesen 3-t\u00e4gigen Fahrradexerzitien. Wir starten und enden in Ludwigsburg, \u00fcbernachten in einer Jugendherberge und einem Tagungshaus, und fahren ca. 60 &#8211; 70 km\/Tag.<br><br>Radeln, spirituelle Impulse und Austausch erf\u00fcllen diese Tage. Sie brauchen: Ein eigenes Fahrrad (oder auch E-Bike), eine gewisse Grundkondition, Neugier auf die Mitradler und nach M\u00f6glichkeit ein Kostenbeitrag von ca. 150 \u20ac (\u00dcbernachtung und Verpflegung).<br><br>Leitung: Pfarrer Dr. Alois Krist, Elisabeth Schwartl\u00e4nder-Brand, Dietrich Brand<br>Anmeldung beim Pfarrb\u00fcro Dreieinigkeit bis sp\u00e4testens 12.05.2022<br><br>Tel.: (07141) 1411-600<br><a href=\"mailto:dreieinigkeit@kath-kirche-lb.de\">dreieinigkeit@kath-kirche-lb.de<\/a><\/figcaption><\/figure>\n","protected":false},"excerpt":{"rendered":"","protected":false},"author":20,"featured_media":3665,"comment_status":"closed","ping_status":"open","sticky":false,"template":"","format":"standard","meta":{"footnotes":""},"categories":[7],"tags":[],"class_list":["post-3663","post","type-post","status-publish","format-standard","has-post-thumbnail","hentry","category-alle_gemeinden"],"_links":{"self":[{"href":"https:\/\/www.kath-kirche-lb.de\/st-thomas-und-johannes\/wp-json\/wp\/v2\/posts\/3663","targetHints":{"allow":["GET"]}}],"collection":[{"href":"https:\/\/www.kath-kirche-lb.de\/st-thomas-und-johannes\/wp-json\/wp\/v2\/posts"}],"about":[{"href":"https:\/\/www.kath-kirche-lb.de\/st-thomas-und-johannes\/wp-json\/wp\/v2\/types\/post"}],"author":[{"embeddable":true,"href":"https:\/\/www.kath-kirche-lb.de\/st-thomas-und-johannes\/wp-json\/wp\/v2\/users\/20"}],"replies":[{"embeddable":true,"href":"https:\/\/www.kath-kirche-lb.de\/st-thomas-und-johannes\/wp-json\/wp\/v2\/comments?post=3663"}],"version-history":[{"count":2,"href":"https:\/\/www.kath-kirche-lb.de\/st-thomas-und-johannes\/wp-json\/wp\/v2\/posts\/3663\/revisions"}],"predecessor-version":[{"id":3666,"href":"https:\/\/www.kath-kirche-lb.de\/st-thomas-und-johannes\/wp-json\/wp\/v2\/posts\/3663\/revisions\/3666"}],"wp:featuredmedia":[{"embeddable":true,"href":"https:\/\/www.kath-kirche-lb.de\/st-thomas-und-johannes\/wp-json\/wp\/v2\/media\/3665"}],"wp:attachment":[{"href":"https:\/\/www.kath-kirche-lb.de\/st-thomas-und-johannes\/wp-json\/wp\/v2\/media?parent=3663"}],"wp:term":[{"taxonomy":"category","embeddable":true,"href":"https:\/\/www.kath-kirche-lb.de\/st-thomas-und-johannes\/wp-json\/wp\/v2\/categories?post=3663"},{"taxonomy":"post_tag","embeddable":true,"href":"https:\/\/www.kath-kirche-lb.de\/st-thomas-und-johannes\/wp-json\/wp\/v2\/tags?post=3663"}],"curies":[{"name":"wp","href":"https:\/\/api.w.org\/{rel}","templated":true}]}}