{"id":3850,"date":"2022-04-27T15:30:10","date_gmt":"2022-04-27T13:30:10","guid":{"rendered":"https:\/\/www.kath-kirche-lb.de\/st-thomas-und-johannes\/?p=3850"},"modified":"2022-05-01T19:36:44","modified_gmt":"2022-05-01T17:36:44","slug":"firmwochenende-2022","status":"publish","type":"post","link":"https:\/\/www.kath-kirche-lb.de\/st-thomas-und-johannes\/2022\/04\/27\/firmwochenende-2022\/","title":{"rendered":"Firmwochenende 2022"},"content":{"rendered":"\n<p><strong>Firmwochenende von 8.-10.4.2022 \u2013 Haus Lutzenberg in Alth\u00fctte<\/strong><\/p>\n\n\n\n<p>11 Jugendliche und 7 BegleiterInnen verbrachten von 8.-10.4.2022 das Firmwochenende in Alth\u00fcttte- Haus Lutzenberg.<br>Das Wochenende vertiefte das Motto der Firmvorbereitung \u201eSetz\u2018 dein Feuer frei!\u201c auf sehr lebendige Weise. Wir konnten einander bei verschiedenen erlebnisp\u00e4dagogischen Spielen und bei Lebensgespr\u00e4chen besser kennenlernen, die Jugendlichen entdeckten dabei so manche pers\u00f6nliche St\u00e4rke an sich und kn\u00fcpften neue Freundschaften. Die gute Atmosph\u00e4re war bei allen sehr sp\u00fcrbar.<\/p>\n\n\n\n<p>Bei einem Wettbewerb mit geschickt ausget\u00fcftelten kleinen Spielen, durften die Jugendlichen mit Erfolg gegen das Firmteam antreten, was allen sichtlich Spa\u00df gemacht hat. Von Sonne bis Regen, Nebel und Schnee war wetterm\u00e4\u00dfig alles dabei, fast w\u00e4re Schneemann-Bauen zum Programmpunkt geworden. Das Wetter war f\u00fcr die Nachtwanderung mit anschlie\u00dfendem Lagerfeuer mit mittelm\u00e4\u00dfig gelungenem Stockbrot, aber mit guter Laune, kein Hindernis.<\/p>\n\n\n\n<p>Die Vers\u00f6hnungswerkstatt war eine Gelegenheit sich symbolisch mit ganz pers\u00f6nlichen Lebens- und Glaubensfragen sowie mit Gelungenem und Zerbrochenem im eigenen Leben auseinanderzusetzen, um anschlie\u00dfend im Feuer Belastendes zu verbrennen. Der stimmungsvolle Gottesdienst mit 11 selbstgebastelten bunten Kreuzen am Altar rundete die Impulse am Samstag ab.<\/p>\n\n\n\n<p>Am Sonntagmorgen gab es die M\u00f6glichkeit sich auf der Kletterwand auszuprobieren. Schritt f\u00fcr Schritt tastend rauf zu klettern und sich beim Abstieg vertrauend ins Seil fallen zu lassen, das kann ja auch symbolisch f\u00fcr unsere eigenen Lebenserfahrungen sprechen. Manchmal verl\u00e4sst uns der Mut, dann hilft es, wenn wir verl\u00e4sslich gesichert werden oder wenn jemand da ist und uns sagt \u201eKomm, das schaffst du\u201c. Die eigene Kraft erleben, sich etwas zutrauen, etwas Neues ausprobieren \u2013 auch das st\u00e4rkt uns auf unserem Weg.<\/p>\n\n\n\n<p>Wir w\u00fcnschen allen Jugendlichen noch viele best\u00e4rkende Erfahrungen in der Firmvorbereitung und freuen uns, euch dabei zu begleiten. Danke, dass ihr so motiviert dabei wart und seid.<\/p>\n\n\n\n<figure class=\"wp-block-image size-full\"><img loading=\"lazy\" decoding=\"async\" width=\"565\" height=\"369\" src=\"https:\/\/www.kath-kirche-lb.de\/st-thomas-und-johannes\/wp-content\/uploads\/sites\/8\/2022\/05\/Firmwe2022.png\" alt=\"\" class=\"wp-image-3932\" srcset=\"https:\/\/www.kath-kirche-lb.de\/st-thomas-und-johannes\/wp-content\/uploads\/sites\/8\/2022\/05\/Firmwe2022.png 565w, https:\/\/www.kath-kirche-lb.de\/st-thomas-und-johannes\/wp-content\/uploads\/sites\/8\/2022\/05\/Firmwe2022-300x196.png 300w\" sizes=\"auto, (max-width: 565px) 100vw, 565px\" \/><\/figure>\n","protected":false},"excerpt":{"rendered":"<p>Firmwochenende von 8.-10.4.2022 \u2013 Haus Lutzenberg in Alth\u00fctte 11 Jugendliche und 7 BegleiterInnen verbrachten von 8.-10.4.2022 das Firmwochenende in Alth\u00fcttte- Haus Lutzenberg.Das Wochenende vertiefte das Motto der Firmvorbereitung \u201eSetz\u2018 dein Feuer frei!\u201c auf sehr lebendige Weise. Wir konnten einander bei verschiedenen erlebnisp\u00e4dagogischen Spielen und bei Lebensgespr\u00e4chen besser kennenlernen, die Jugendlichen entdeckten dabei so manche pers\u00f6nliche [&hellip;]<\/p>\n","protected":false},"author":18,"featured_media":3014,"comment_status":"closed","ping_status":"closed","sticky":false,"template":"","format":"standard","meta":{"footnotes":""},"categories":[62],"tags":[],"class_list":["post-3850","post","type-post","status-publish","format-standard","has-post-thumbnail","hentry","category-thema-2"],"_links":{"self":[{"href":"https:\/\/www.kath-kirche-lb.de\/st-thomas-und-johannes\/wp-json\/wp\/v2\/posts\/3850","targetHints":{"allow":["GET"]}}],"collection":[{"href":"https:\/\/www.kath-kirche-lb.de\/st-thomas-und-johannes\/wp-json\/wp\/v2\/posts"}],"about":[{"href":"https:\/\/www.kath-kirche-lb.de\/st-thomas-und-johannes\/wp-json\/wp\/v2\/types\/post"}],"author":[{"embeddable":true,"href":"https:\/\/www.kath-kirche-lb.de\/st-thomas-und-johannes\/wp-json\/wp\/v2\/users\/18"}],"replies":[{"embeddable":true,"href":"https:\/\/www.kath-kirche-lb.de\/st-thomas-und-johannes\/wp-json\/wp\/v2\/comments?post=3850"}],"version-history":[{"count":2,"href":"https:\/\/www.kath-kirche-lb.de\/st-thomas-und-johannes\/wp-json\/wp\/v2\/posts\/3850\/revisions"}],"predecessor-version":[{"id":3933,"href":"https:\/\/www.kath-kirche-lb.de\/st-thomas-und-johannes\/wp-json\/wp\/v2\/posts\/3850\/revisions\/3933"}],"wp:featuredmedia":[{"embeddable":true,"href":"https:\/\/www.kath-kirche-lb.de\/st-thomas-und-johannes\/wp-json\/wp\/v2\/media\/3014"}],"wp:attachment":[{"href":"https:\/\/www.kath-kirche-lb.de\/st-thomas-und-johannes\/wp-json\/wp\/v2\/media?parent=3850"}],"wp:term":[{"taxonomy":"category","embeddable":true,"href":"https:\/\/www.kath-kirche-lb.de\/st-thomas-und-johannes\/wp-json\/wp\/v2\/categories?post=3850"},{"taxonomy":"post_tag","embeddable":true,"href":"https:\/\/www.kath-kirche-lb.de\/st-thomas-und-johannes\/wp-json\/wp\/v2\/tags?post=3850"}],"curies":[{"name":"wp","href":"https:\/\/api.w.org\/{rel}","templated":true}]}}