{"id":3912,"date":"2026-01-22T18:49:00","date_gmt":"2026-01-22T17:49:00","guid":{"rendered":"https:\/\/www.kath-kirche-lb.de\/st-thomas-und-johannes\/?p=3912"},"modified":"2026-03-02T09:49:38","modified_gmt":"2026-03-02T08:49:38","slug":"sternsingen-2026","status":"publish","type":"post","link":"https:\/\/www.kath-kirche-lb.de\/st-thomas-und-johannes\/2026\/01\/22\/sternsingen-2026\/","title":{"rendered":"Sternsingen 2026"},"content":{"rendered":"\n<div class=\"wp-block-media-text is-stacked-on-mobile\" style=\"grid-template-columns:35% auto\"><figure  class=\"wp-block-media-text__media\"><img loading=\"lazy\" decoding=\"async\" width=\"355\" height=\"258\" alt=\"\" src=\"https:\/\/www.kath-kirche-lb.de\/st-thomas-und-johannes\/wp-content\/uploads\/sites\/8\/2022\/05\/Sternsinger2026.jpg\" class=\"wp-image-11223 size-full\" srcset=\"https:\/\/www.kath-kirche-lb.de\/st-thomas-und-johannes\/wp-content\/uploads\/sites\/8\/2022\/05\/Sternsinger2026.jpg 355w, https:\/\/www.kath-kirche-lb.de\/st-thomas-und-johannes\/wp-content\/uploads\/sites\/8\/2022\/05\/Sternsinger2026-300x218.jpg 300w\" sizes=\"auto, (max-width: 355px) 100vw, 355px\" \/><\/figure><div class=\"wp-block-media-text__content\">\n<p>Geleitet vom Stern \u00fcber Bethlehem bringen wir den Segen und schreiben C + M + B an die T\u00fcren, diesmal umrahmt von 2026.<\/p>\n\n\n\n<p>Wie jedes Jahr machten sich in der Gemeinde St. Thomas und Johannes diesmal 38 t\u00fcchtige Sternsinger auf den Weg, um in vier Tagen den Segen Gottes zu verbreiten und gleichzeitig Spenden zu sammeln.\u00a0<br>Vom Aussendungsgottesdienst am Neujahrstag bis zu ein paar extra Anmeldungen am 6. Januar <strong>sammelten unsere K\u00f6nige sagenhafte 10.385,62\u20ac<\/strong>, die, wie seit vielen Jahren, an die Organisation \u201eNetz Bangladesch&#8220; gehen.\u00a0<br>Damit wird dort Kindern erm\u00f6glicht, eine medizinische Grundversorgung und Schulausbildung zu erhalten.\u00a0<br>Von S\u00fc\u00dfigkeiten-Spenden bis zum Christbaumloben war wohl alles dabei und trotz Wind und Wetter (und endlich auch mal wieder etwas Schnee) haben alle die Zeit so gesund und munter \u00fcberstanden, um sich beim gemeinsamen Abschlussfest, nach dem Gottesdienst am Dreik\u00f6nigstag, durch eine Schneeballschlacht final auszutoben.<\/p>\n\n\n\n<p>Ein gro\u00dfes Dankesch\u00f6n gilt J\u00f6rg Lohse, dem besten Hobby(Sterne)koch der Welt und nat\u00fcrlich Saskia Becker und Annalisa Neher, ohne die die Sternsinger niemals so gut laufen w\u00fcrden. (Vermutlich sogar gar nicht.). Ebenso ein gro\u00dfes Dankesch\u00f6n und vergelts Gott an alle, die so gro\u00dfz\u00fcgig gespendet haben!<\/p>\n<\/div><\/div>\n","protected":false},"excerpt":{"rendered":"<p>Geleitet vom Stern \u00fcber Bethlehem bringen wir den Segen und schreiben C + M + B an die T\u00fcren, diesmal umrahmt von 2026. Wie jedes Jahr machten sich in der Gemeinde St. Thomas und Johannes diesmal 38 t\u00fcchtige Sternsinger auf den Weg, um in vier Tagen den Segen Gottes zu verbreiten und gleichzeitig Spenden zu [&hellip;]<\/p>\n","protected":false},"author":18,"featured_media":11223,"comment_status":"closed","ping_status":"closed","sticky":false,"template":"","format":"standard","meta":{"footnotes":""},"categories":[62],"tags":[],"class_list":["post-3912","post","type-post","status-publish","format-standard","has-post-thumbnail","hentry","category-thema-2"],"_links":{"self":[{"href":"https:\/\/www.kath-kirche-lb.de\/st-thomas-und-johannes\/wp-json\/wp\/v2\/posts\/3912","targetHints":{"allow":["GET"]}}],"collection":[{"href":"https:\/\/www.kath-kirche-lb.de\/st-thomas-und-johannes\/wp-json\/wp\/v2\/posts"}],"about":[{"href":"https:\/\/www.kath-kirche-lb.de\/st-thomas-und-johannes\/wp-json\/wp\/v2\/types\/post"}],"author":[{"embeddable":true,"href":"https:\/\/www.kath-kirche-lb.de\/st-thomas-und-johannes\/wp-json\/wp\/v2\/users\/18"}],"replies":[{"embeddable":true,"href":"https:\/\/www.kath-kirche-lb.de\/st-thomas-und-johannes\/wp-json\/wp\/v2\/comments?post=3912"}],"version-history":[{"count":4,"href":"https:\/\/www.kath-kirche-lb.de\/st-thomas-und-johannes\/wp-json\/wp\/v2\/posts\/3912\/revisions"}],"predecessor-version":[{"id":11224,"href":"https:\/\/www.kath-kirche-lb.de\/st-thomas-und-johannes\/wp-json\/wp\/v2\/posts\/3912\/revisions\/11224"}],"wp:featuredmedia":[{"embeddable":true,"href":"https:\/\/www.kath-kirche-lb.de\/st-thomas-und-johannes\/wp-json\/wp\/v2\/media\/11223"}],"wp:attachment":[{"href":"https:\/\/www.kath-kirche-lb.de\/st-thomas-und-johannes\/wp-json\/wp\/v2\/media?parent=3912"}],"wp:term":[{"taxonomy":"category","embeddable":true,"href":"https:\/\/www.kath-kirche-lb.de\/st-thomas-und-johannes\/wp-json\/wp\/v2\/categories?post=3912"},{"taxonomy":"post_tag","embeddable":true,"href":"https:\/\/www.kath-kirche-lb.de\/st-thomas-und-johannes\/wp-json\/wp\/v2\/tags?post=3912"}],"curies":[{"name":"wp","href":"https:\/\/api.w.org\/{rel}","templated":true}]}}