{"id":3917,"date":"2022-05-29T00:01:00","date_gmt":"2022-05-28T22:01:00","guid":{"rendered":"https:\/\/www.kath-kirche-lb.de\/st-thomas-und-johannes\/?p=3917"},"modified":"2022-07-01T19:04:42","modified_gmt":"2022-07-01T17:04:42","slug":"60-jaehriges-bestehen-der-comunita-cattolica-italiana-beato-g-b-scalabrini","status":"publish","type":"post","link":"https:\/\/www.kath-kirche-lb.de\/st-thomas-und-johannes\/2022\/05\/29\/60-jaehriges-bestehen-der-comunita-cattolica-italiana-beato-g-b-scalabrini\/","title":{"rendered":"60 j\u00e4hriges Bestehen der Comunit\u00e0 Cattolica Italiana Beato G. B. Scalabrini"},"content":{"rendered":"\n<div class=\"wp-block-media-text alignwide is-stacked-on-mobile\" style=\"grid-template-columns:15% auto\"><figure class=\"wp-block-media-text__media\"><img loading=\"lazy\" decoding=\"async\" width=\"193\" height=\"201\" src=\"https:\/\/www.kath-kirche-lb.de\/st-thomas-und-johannes\/wp-content\/uploads\/sites\/8\/2022\/05\/Jubi_Ital_Gem.png\" alt=\"\" class=\"wp-image-3918 size-full\" \/><\/figure><div class=\"wp-block-media-text__content\">\n<p>Es wandern die Samen auf den Fl\u00fcgeln des Windes, es wandern die Pflanzen von Kontinent zu Kontinent, getragen von den Str\u00f6mungen des Wassers, es wandern die V\u00f6gel und die Tiere, aber vor allem wandert der Mensch, zusammen mit anderen oder allein, aber immer gef\u00fchrt von der Vorsehung. Sie lenkt das menschliche Schicksal, sie geht ihm voran auch durch Katastrophen hindurch, immer auf das Ziel zu: die F\u00fclle des Menschen hier auf der Erde und die Ehre Gottes im Himmel.<br>Beato Giovanni Battista Scalabrini, Torino (Italia), 1899<\/p>\n<\/div><\/div>\n\n\n\n<p>26. Juni 2022<br>Festgottesdienst um 10.00 Uhr in der St. Johann Kirche Ludwigsburg<br>mit anschlie\u00dfendem Sektempfang und Bewirtung<\/p>\n\n\n\n<p>Die italienische Gemeinde bittet m\u00f6glichst um Anmeldung zur besseren Planung des Essens.<br>Entweder im Pfarrb\u00fcro der Italienischen Gemeinde unter 07141\/ 925171 oder<br>im Pfarrb\u00fcro von St. Thomas und Johannes unter 07141 \/ 702089-20.<\/p>\n","protected":false},"excerpt":{"rendered":"<p>Es wandern die Samen auf den Fl\u00fcgeln des Windes, es wandern die Pflanzen von Kontinent zu Kontinent, getragen von den Str\u00f6mungen des Wassers, es wandern die V\u00f6gel und die Tiere, aber vor allem wandert der Mensch, zusammen mit anderen oder allein, aber immer gef\u00fchrt von der Vorsehung. Sie lenkt das menschliche Schicksal, sie geht ihm [&hellip;]<\/p>\n","protected":false},"author":18,"featured_media":0,"comment_status":"closed","ping_status":"closed","sticky":false,"template":"","format":"standard","meta":{"footnotes":""},"categories":[62],"tags":[],"class_list":["post-3917","post","type-post","status-publish","format-standard","hentry","category-thema-2"],"_links":{"self":[{"href":"https:\/\/www.kath-kirche-lb.de\/st-thomas-und-johannes\/wp-json\/wp\/v2\/posts\/3917","targetHints":{"allow":["GET"]}}],"collection":[{"href":"https:\/\/www.kath-kirche-lb.de\/st-thomas-und-johannes\/wp-json\/wp\/v2\/posts"}],"about":[{"href":"https:\/\/www.kath-kirche-lb.de\/st-thomas-und-johannes\/wp-json\/wp\/v2\/types\/post"}],"author":[{"embeddable":true,"href":"https:\/\/www.kath-kirche-lb.de\/st-thomas-und-johannes\/wp-json\/wp\/v2\/users\/18"}],"replies":[{"embeddable":true,"href":"https:\/\/www.kath-kirche-lb.de\/st-thomas-und-johannes\/wp-json\/wp\/v2\/comments?post=3917"}],"version-history":[{"count":2,"href":"https:\/\/www.kath-kirche-lb.de\/st-thomas-und-johannes\/wp-json\/wp\/v2\/posts\/3917\/revisions"}],"predecessor-version":[{"id":3922,"href":"https:\/\/www.kath-kirche-lb.de\/st-thomas-und-johannes\/wp-json\/wp\/v2\/posts\/3917\/revisions\/3922"}],"wp:attachment":[{"href":"https:\/\/www.kath-kirche-lb.de\/st-thomas-und-johannes\/wp-json\/wp\/v2\/media?parent=3917"}],"wp:term":[{"taxonomy":"category","embeddable":true,"href":"https:\/\/www.kath-kirche-lb.de\/st-thomas-und-johannes\/wp-json\/wp\/v2\/categories?post=3917"},{"taxonomy":"post_tag","embeddable":true,"href":"https:\/\/www.kath-kirche-lb.de\/st-thomas-und-johannes\/wp-json\/wp\/v2\/tags?post=3917"}],"curies":[{"name":"wp","href":"https:\/\/api.w.org\/{rel}","templated":true}]}}