{"id":4085,"date":"2022-06-22T13:20:11","date_gmt":"2022-06-22T13:20:11","guid":{"rendered":"https:\/\/www.kath-kirche-lb.de\/?p=18020"},"modified":"2022-06-22T13:20:11","modified_gmt":"2022-06-22T13:20:11","slug":"neu-ins-leben-kommen-brunnenfest-auf-dem-marktplatz-ludwigsburg","status":"publish","type":"post","link":"https:\/\/www.kath-kirche-lb.de\/st-thomas-und-johannes\/2022\/06\/22\/neu-ins-leben-kommen-brunnenfest-auf-dem-marktplatz-ludwigsburg\/","title":{"rendered":"\u201eNeu ins Leben kommen \u2013  Brunnenfest auf dem Marktplatz Ludwigsburg\u201c"},"content":{"rendered":"\n<p><strong>am Samstag 2. Juli 2022 von 18.00 Uhr \u2013 21.30 Uhr auf dem Marktplatz Ludwigsburg<\/strong><\/p>\n\n\n\n<p>Die \u00f6kumenische Gemeinschaft all derer, die auf dem Marktplatz Ludwigsburg Citypastoral anbieten, l\u00e4dt nach den Begrenzungen der Pandemie dazu ein, an diesem Abend durch verschiedene Angebote neu ins Leben zu kommen und den Quellen nachzusp\u00fcren, aus denen sich unser Leben speist.<\/p>\n\n\n\n<p>Beginn: 18.00 Uhr auf dem Marktplatz: Ein Trommlerensemble begr\u00fc\u00dft uns.<br>Anschlie\u00dfend verschiedene Angebote zum Mitmachen: Musizieren mit Menschen; Kinderangebote; ein Clown bringt uns zum Lachen; Erstellen von Filmclips, kreative Angebote\u2026<br>21.00 Uhr \u00d6kumenischer Abendabschlu\u00df mit Kerzen, Musik, Singen, Segen in die Nacht.<br>F\u00fcr Getr\u00e4nke und einen Imbiss ist gesorgt.<\/p>\n","protected":false},"excerpt":{"rendered":"<p>am Samstag 2. Juli 2022 von 18.00 Uhr \u2013 21.30 Uhr auf dem Marktplatz Ludwigsburg Die \u00f6kumenische Gemeinschaft all derer, die auf dem Marktplatz Ludwigsburg Citypastoral anbieten, l\u00e4dt nach den Begrenzungen der Pandemie dazu ein, an diesem Abend durch verschiedene Angebote neu ins Leben zu kommen und den Quellen nachzusp\u00fcren, aus denen sich unser Leben [&hellip;]<\/p>\n","protected":false},"author":19,"featured_media":0,"comment_status":"closed","ping_status":"open","sticky":false,"template":"","format":"standard","meta":{"footnotes":""},"categories":[7],"tags":[],"class_list":["post-4085","post","type-post","status-publish","format-standard","hentry","category-alle_gemeinden"],"_links":{"self":[{"href":"https:\/\/www.kath-kirche-lb.de\/st-thomas-und-johannes\/wp-json\/wp\/v2\/posts\/4085","targetHints":{"allow":["GET"]}}],"collection":[{"href":"https:\/\/www.kath-kirche-lb.de\/st-thomas-und-johannes\/wp-json\/wp\/v2\/posts"}],"about":[{"href":"https:\/\/www.kath-kirche-lb.de\/st-thomas-und-johannes\/wp-json\/wp\/v2\/types\/post"}],"author":[{"embeddable":true,"href":"https:\/\/www.kath-kirche-lb.de\/st-thomas-und-johannes\/wp-json\/wp\/v2\/users\/19"}],"replies":[{"embeddable":true,"href":"https:\/\/www.kath-kirche-lb.de\/st-thomas-und-johannes\/wp-json\/wp\/v2\/comments?post=4085"}],"version-history":[{"count":0,"href":"https:\/\/www.kath-kirche-lb.de\/st-thomas-und-johannes\/wp-json\/wp\/v2\/posts\/4085\/revisions"}],"wp:attachment":[{"href":"https:\/\/www.kath-kirche-lb.de\/st-thomas-und-johannes\/wp-json\/wp\/v2\/media?parent=4085"}],"wp:term":[{"taxonomy":"category","embeddable":true,"href":"https:\/\/www.kath-kirche-lb.de\/st-thomas-und-johannes\/wp-json\/wp\/v2\/categories?post=4085"},{"taxonomy":"post_tag","embeddable":true,"href":"https:\/\/www.kath-kirche-lb.de\/st-thomas-und-johannes\/wp-json\/wp\/v2\/tags?post=4085"}],"curies":[{"name":"wp","href":"https:\/\/api.w.org\/{rel}","templated":true}]}}