{"id":4086,"date":"2022-06-23T10:09:50","date_gmt":"2022-06-23T10:09:50","guid":{"rendered":"https:\/\/www.kath-kirche-lb.de\/?p=18027"},"modified":"2022-06-24T11:53:24","modified_gmt":"2022-06-24T09:53:24","slug":"konzert-antonin-dvorak-messe-in-d-dur-op-86","status":"publish","type":"post","link":"https:\/\/www.kath-kirche-lb.de\/st-thomas-und-johannes\/2022\/06\/23\/konzert-antonin-dvorak-messe-in-d-dur-op-86\/","title":{"rendered":"Konzert Anton\u00edn Dvo\u0159\u00e1k: Messe in D-Dur, op. 86"},"content":{"rendered":"\n<p><strong>Wir bedauern sehr, beide Konzerte coronabedingt sehr kurzfristig absagen zu m\u00fcssen. Mehrere Solist*innen sowie die Chorleiterin sind erkrankt. Vielen Dank f\u00fcr Ihr Verst\u00e4ndnis!<\/strong><\/p>\n\n\n\n<p>Der Ludwigsburger Kammerchor l\u00e4dt nach \u00fcber zwei Jahren Corona-Pause wieder zu einem Chorkonzert ein. Zu h\u00f6ren sein wird die Messe in D-Dur in einer Fassung f\u00fcr kleinen Chor, Chor und Orgel. Dvo\u0159\u00e1k komponierte dieses Werk auf Wunsch des Architekten und Gr\u00fcnders der Tschechischen Akademie der Wissenschaften und K\u00fcnste, Josef Hl\u00e1vka. Dieser wollte eine in seinem Schloss in Lu\u017eany neuerbaute Kapelle festlich einweihen lassen. Ein Orchester h\u00e4tte den Rahmen wohl gesprengt. Der Komponist hatte sich damals bereits jenseits seiner tschechischen Heimat einen gro\u00dfen Namen gemacht. Auch in der Messe D-Dur zeigte der Komponist seine ganze Meisterschaft.<\/p>\n\n\n\n<p>Die volle Aufmerksamkeit liegt auf den Vokalstimmen. Dvor\u00e1k intendiert, trotz zahlreicher ff-Passagen, eine lyrisch-meditative Stimmung. Es herrschen traditionelle Formen, manchmal volkst\u00fcmlich bzw. volksliedhaft gepr\u00e4gte Gedanken und ein gro\u00dfer harmonischer Reichtum vor.&nbsp;<\/p>\n\n\n\n<p>Orgel: Reiner Schulte, Backnang.<\/p>\n\n\n\n<p>Leitung: Susanne Obert<\/p>\n\n\n\n<p>Die Konzerte finden bei freiem Eintritt statt:<\/p>\n\n\n\n<p>Samstag, 25.6. um 18 Uhr in \u201eSt. Stephanus\u201c in Oppenweiler<\/p>\n\n\n\n<p>Sonntag, 26.6. um 17 Uhr in \u201eZur Heiligsten Dreieinigkeit\u201c in Ludwigsburg<\/p>\n","protected":false},"excerpt":{"rendered":"<p>Wir bedauern sehr, beide Konzerte coronabedingt sehr kurzfristig absagen zu m\u00fcssen. Mehrere Solist*innen sowie die Chorleiterin sind erkrankt. Vielen Dank f\u00fcr Ihr Verst\u00e4ndnis! Der Ludwigsburger Kammerchor l\u00e4dt nach \u00fcber zwei Jahren Corona-Pause wieder zu einem Chorkonzert ein. Zu h\u00f6ren sein wird die Messe in D-Dur in einer Fassung f\u00fcr kleinen Chor, Chor und Orgel. Dvo\u0159\u00e1k [&hellip;]<\/p>\n","protected":false},"author":20,"featured_media":4087,"comment_status":"closed","ping_status":"open","sticky":false,"template":"","format":"standard","meta":{"footnotes":""},"categories":[7],"tags":[],"class_list":["post-4086","post","type-post","status-publish","format-standard","has-post-thumbnail","hentry","category-alle_gemeinden"],"_links":{"self":[{"href":"https:\/\/www.kath-kirche-lb.de\/st-thomas-und-johannes\/wp-json\/wp\/v2\/posts\/4086","targetHints":{"allow":["GET"]}}],"collection":[{"href":"https:\/\/www.kath-kirche-lb.de\/st-thomas-und-johannes\/wp-json\/wp\/v2\/posts"}],"about":[{"href":"https:\/\/www.kath-kirche-lb.de\/st-thomas-und-johannes\/wp-json\/wp\/v2\/types\/post"}],"author":[{"embeddable":true,"href":"https:\/\/www.kath-kirche-lb.de\/st-thomas-und-johannes\/wp-json\/wp\/v2\/users\/20"}],"replies":[{"embeddable":true,"href":"https:\/\/www.kath-kirche-lb.de\/st-thomas-und-johannes\/wp-json\/wp\/v2\/comments?post=4086"}],"version-history":[{"count":2,"href":"https:\/\/www.kath-kirche-lb.de\/st-thomas-und-johannes\/wp-json\/wp\/v2\/posts\/4086\/revisions"}],"predecessor-version":[{"id":4089,"href":"https:\/\/www.kath-kirche-lb.de\/st-thomas-und-johannes\/wp-json\/wp\/v2\/posts\/4086\/revisions\/4089"}],"wp:featuredmedia":[{"embeddable":true,"href":"https:\/\/www.kath-kirche-lb.de\/st-thomas-und-johannes\/wp-json\/wp\/v2\/media\/4087"}],"wp:attachment":[{"href":"https:\/\/www.kath-kirche-lb.de\/st-thomas-und-johannes\/wp-json\/wp\/v2\/media?parent=4086"}],"wp:term":[{"taxonomy":"category","embeddable":true,"href":"https:\/\/www.kath-kirche-lb.de\/st-thomas-und-johannes\/wp-json\/wp\/v2\/categories?post=4086"},{"taxonomy":"post_tag","embeddable":true,"href":"https:\/\/www.kath-kirche-lb.de\/st-thomas-und-johannes\/wp-json\/wp\/v2\/tags?post=4086"}],"curies":[{"name":"wp","href":"https:\/\/api.w.org\/{rel}","templated":true}]}}