{"id":4195,"date":"2022-07-05T21:42:15","date_gmt":"2022-07-05T19:42:15","guid":{"rendered":"https:\/\/www.kath-kirche-lb.de\/st-thomas-und-johannes\/?p=4195"},"modified":"2022-07-05T21:45:38","modified_gmt":"2022-07-05T19:45:38","slug":"kirchen-kalendarisches-im-juli","status":"publish","type":"post","link":"https:\/\/www.kath-kirche-lb.de\/st-thomas-und-johannes\/2022\/07\/05\/kirchen-kalendarisches-im-juli\/","title":{"rendered":"Kirchen-Kalendarisches im Juli"},"content":{"rendered":"\n<p class=\"has-medium-font-size\"><em>Dem kostbaren Blut Jesu geweiht<\/em><\/p>\n\n\n\n<p><strong>1. Juli<\/strong><\/p>\n\n\n\n<p>Mirjam (ca. 1525 \u2013 1450 v. Chr.)<br>Schwester des Mose und Aaron \u2013 Gedenktag<br>Name bedeutet: die Sch\u00f6ne, die von Gott <strong>G<\/strong>eliebte<\/p>\n\n\n\n<p><strong>2. Juli<\/strong><\/p>\n\n\n\n<p><strong><em>Das Fest Mari\u00e4 Heimsuchung der allerseligsten Jungfrau Maria<\/em><\/strong><\/p>\n\n\n\n<p><strong>3. Juli&nbsp;&nbsp;&nbsp;&nbsp;&nbsp;&nbsp;&nbsp;&nbsp;&nbsp;&nbsp;&nbsp;&nbsp;&nbsp;&nbsp;&nbsp;&nbsp;&nbsp;&nbsp;&nbsp;&nbsp;&nbsp;&nbsp;&nbsp;&nbsp; <\/strong><em><u><\/u><\/em><\/p>\n\n\n\n<p>Thomas, Apostel (+72 Indien)<br>Das Johannesevangelium berichtet von seinem Zweifel: Er kann erst an die Auferstehung Jesu glauben, wenn er seine H\u00e4nde in dessen Wunden legen darf.<\/p>\n\n\n\n<p><strong>4. Juli<\/strong><\/p>\n\n\n\n<p>Ulrichstag (973)<br>Attribute: Buch und Fisch<\/p>\n\n\n\n<p><strong>8. Juli<\/strong><\/p>\n\n\n\n<p>Kilian von W\u00fcrzburg (7. Jhd.)<br>Zu Ehren des hl. Kilian findet allj\u00e4hrlich rund um seinen Gedenktag in W\u00fcrzburg die \u201eKiliani-Wallfahrt\u201c statt.<\/p>\n\n\n\n<p><strong>9. Juli<\/strong><\/p>\n\n\n\n<p>Augustinus Zhao Rong<br>A.Z.R. wurde zusammen mit 120 weiteren M\u00e4rtyrern, die w\u00e4hrend der Missionsepoche in China (17. Jh. Bis 1930) starben, 2000 heiliggesprochen. Ausnahmsweise war der Nachweis eines Wunders f\u00fcr jeden einzelnen M\u00e4rtyrer durch ein Dekret von Papst Johannes Paul II. nicht notwendig.<\/p>\n\n\n\n<p><strong>11. Juli<\/strong><\/p>\n\n\n\n<p>Benedikt von Nursia (*480)<br><em>\u201eDen Weisen erkennt man an den wenigen Worten\u201c<\/em><\/p>\n\n\n\n<p><strong>13. Juli<\/strong><\/p>\n\n\n\n<p>Heinrich und Kunigunde (ca. 1000) (Herrscherpaar)<br>Attribute: Kirchenmodell, Krone, Zepter, Pflugschar<br>Patronin der Frauen in guter Hoffnung und der Kinder<\/p>\n\n\n\n<p><strong>16 Juli<\/strong><\/p>\n\n\n\n<p><em>Fest der allerseligsten Jungfrau Maria v. Berge Karmel (Skapulierfest)<\/em><\/p>\n\n\n\n<p><strong>17. Juli<\/strong><\/p>\n\n\n\n<p>Hedwig (Jadwiga) von Polen (14. Jhd.)<br>K\u00f6nigin von Polen<\/p>\n\n\n\n<p><strong>20. Juli<\/strong><\/p>\n\n\n\n<p>Margarita von Antiochien (ca. 300)<br>Attribute: Siegespalme, Drache<br>Margari(e)ta geh\u00f6rt zu den 14 Nothelfern und bildet zusammen mit Katharina und Barbara die sog. \u201edrei heiligen Madl\u201c.<\/p>\n\n\n\n<p><strong>22. Juli<\/strong><\/p>\n\n\n\n<p>Maria Magdalena<br>Patronin der Frauen, Verf\u00fchrten, Friseure, Weber, G\u00e4rtner, Winzer, Sch\u00fcler:innen und Studierenden<\/p>\n\n\n\n<p>Interessantes: 2016 hat Papst Franziskus den Gedenktag Maria Magdalenas zum Fest aufgewertet. Damit wird sie nun auf gleicher Stufe verehrt wie die Apostel.<\/p>\n\n\n\n<p><strong>24. Juli<\/strong><\/p>\n\n\n\n<p>Christophorus (6. Jh.)<br>legend\u00e4rer Christustr\u00e4ger, der das Jesuskind durch den Fluss trug.<\/p>\n\n\n\n<p><strong>25. Juli<\/strong><\/p>\n\n\n\n<p>Jakobus der \u00c4ltere<br>Die Reliquien des Jakobus, die in einem Schrein in der Kathedrale von Santiago de Compostela aufbewahrt werden, sind j\u00e4hrlich das Ziel zehntausender Pilger, die zu Fu\u00df oder per Rad den ber\u00fchmten Jakobsweg zur\u00fccklegen.<br>Attribute: Pilgerkleidung, Beutel, Stab, Pilgermuschel<br>Patron: der Pilger:innen, Arbeiter, Feldfr\u00fcchte und \u00c4pfel (Jakobs\u00e4pfel)<\/p>\n\n\n\n<p><strong>26. Juli<\/strong><\/p>\n\n\n\n<p>Joachim und Ana<br>Eltern der Gottesmutter Maria \u2013 Gro\u00dfeltern Jesu<br>Patronate<br>Joachim: der Eheleute und Schreiner;<br>Ana: der M\u00fctter, Hausfrauen und Arbeiterinnen, f\u00fcr eine gl\u00fcckliche Heirat, Ehe f\u00fcr eine gute Geburt<br>Attribute: Joachim: Schriftrolle (siehe Bild: \u201eVom Wind durchwehte Schriftrolle\u201c)<br>Ana: als Annaselbdritt\u201c: auf dem Scho\u00df der alten Anna sitzt Maria, auf deren Scho\u00df der Jesusknabe<\/p>\n\n\n\n<p><strong>31. Juli<\/strong><\/p>\n\n\n\n<p>Ignatius von Loyola (1491-1556)<br>1536 gr\u00fcndete er zusammen mit Gleichgesinnten den Jesuitenorden.<br>Attribute: Buch, Fackel, flammendes Herz<\/p>\n","protected":false},"excerpt":{"rendered":"<p>Dem kostbaren Blut Jesu geweiht 1. Juli Mirjam (ca. 1525 \u2013 1450 v. Chr.)Schwester des Mose und Aaron \u2013 GedenktagName bedeutet: die Sch\u00f6ne, die von Gott Geliebte 2. Juli Das Fest Mari\u00e4 Heimsuchung der allerseligsten Jungfrau Maria 3. Juli&nbsp;&nbsp;&nbsp;&nbsp;&nbsp;&nbsp;&nbsp;&nbsp;&nbsp;&nbsp;&nbsp;&nbsp;&nbsp;&nbsp;&nbsp;&nbsp;&nbsp;&nbsp;&nbsp;&nbsp;&nbsp;&nbsp;&nbsp;&nbsp; Thomas, Apostel (+72 Indien)Das Johannesevangelium berichtet von seinem Zweifel: Er kann erst an die Auferstehung Jesu [&hellip;]<\/p>\n","protected":false},"author":18,"featured_media":4196,"comment_status":"closed","ping_status":"closed","sticky":false,"template":"","format":"standard","meta":{"footnotes":""},"categories":[4],"tags":[],"class_list":["post-4195","post","type-post","status-publish","format-standard","has-post-thumbnail","hentry","category-topthema"],"_links":{"self":[{"href":"https:\/\/www.kath-kirche-lb.de\/st-thomas-und-johannes\/wp-json\/wp\/v2\/posts\/4195","targetHints":{"allow":["GET"]}}],"collection":[{"href":"https:\/\/www.kath-kirche-lb.de\/st-thomas-und-johannes\/wp-json\/wp\/v2\/posts"}],"about":[{"href":"https:\/\/www.kath-kirche-lb.de\/st-thomas-und-johannes\/wp-json\/wp\/v2\/types\/post"}],"author":[{"embeddable":true,"href":"https:\/\/www.kath-kirche-lb.de\/st-thomas-und-johannes\/wp-json\/wp\/v2\/users\/18"}],"replies":[{"embeddable":true,"href":"https:\/\/www.kath-kirche-lb.de\/st-thomas-und-johannes\/wp-json\/wp\/v2\/comments?post=4195"}],"version-history":[{"count":2,"href":"https:\/\/www.kath-kirche-lb.de\/st-thomas-und-johannes\/wp-json\/wp\/v2\/posts\/4195\/revisions"}],"predecessor-version":[{"id":4199,"href":"https:\/\/www.kath-kirche-lb.de\/st-thomas-und-johannes\/wp-json\/wp\/v2\/posts\/4195\/revisions\/4199"}],"wp:featuredmedia":[{"embeddable":true,"href":"https:\/\/www.kath-kirche-lb.de\/st-thomas-und-johannes\/wp-json\/wp\/v2\/media\/4196"}],"wp:attachment":[{"href":"https:\/\/www.kath-kirche-lb.de\/st-thomas-und-johannes\/wp-json\/wp\/v2\/media?parent=4195"}],"wp:term":[{"taxonomy":"category","embeddable":true,"href":"https:\/\/www.kath-kirche-lb.de\/st-thomas-und-johannes\/wp-json\/wp\/v2\/categories?post=4195"},{"taxonomy":"post_tag","embeddable":true,"href":"https:\/\/www.kath-kirche-lb.de\/st-thomas-und-johannes\/wp-json\/wp\/v2\/tags?post=4195"}],"curies":[{"name":"wp","href":"https:\/\/api.w.org\/{rel}","templated":true}]}}