{"id":4536,"date":"2022-10-16T12:16:28","date_gmt":"2022-10-16T10:16:28","guid":{"rendered":"https:\/\/www.kath-kirche-lb.de\/st-thomas-und-johannes\/?p=4536"},"modified":"2022-10-16T12:18:25","modified_gmt":"2022-10-16T10:18:25","slug":"20-jahre-hirschberglaedle","status":"publish","type":"post","link":"https:\/\/www.kath-kirche-lb.de\/st-thomas-und-johannes\/2022\/10\/16\/20-jahre-hirschberglaedle\/","title":{"rendered":"20 Jahre Hirschbergl\u00e4dle"},"content":{"rendered":"\n<p>Im Rahmen des Erntedank Gottesdienstes in St. Thomas Morus wurde das Jubil\u00e4um 20 Jahre Hirschbergl\u00e4dle w\u00fcrdig gefeiert. In Gru\u00dfworten nach dem Gottesdienst dankte Fr. Wern als Gemeinwesenbeauftragte der Stadt Ludwigsburg Fr. Pisko und ihrem Team f\u00fcr ihre segensreiche Arbeit f\u00fcr den Stadtteil. Fr. Eberwein vom Vorstand der LudwigsTafel lobte das Durchhalten in den letzten Jahren und wies auf die derzeit gr\u00f6\u00dfer werdende Not hin. Die Tafeln werden mehr denn je dringend gebraucht. Sie dankte allen Ehrenamtlichen, Spendern, Firmen und Einzelpersonen, die das Hirschbergl\u00e4dle auf vielf\u00e4ltige Weise unterst\u00fctzen. Ein Dank ging auch an Martin Wunram, der vor 20 Jahren beharrlich die Initiative ergriffen hatte, um einen Laden im Stadtteil zu errichten. F\u00fcr die Kirchengemeinde dankten Fr. Bertsch und Pfarrer Sch\u00f6pe Fr. Pisko und allen damaligen und derzeitigen Ehrenamtlichen f\u00fcr das langj\u00e4hrige Engagement mit viel Herz und Tatkraft. Auch an die Ehemaligen, die dieses Jubil\u00e4um gar nicht mehr mitfeiern k\u00f6nnen, wurde gedacht.<br>Zur Feier des Tages gab es nach dem Gottesdienst noch Schmalzbrote und eine K\u00fcrbissuppe, um miteinander weiter zu feiern.<\/p>\n","protected":false},"excerpt":{"rendered":"<p>Im Rahmen des Erntedank Gottesdienstes in St. Thomas Morus wurde das Jubil\u00e4um 20 Jahre Hirschbergl\u00e4dle w\u00fcrdig gefeiert. In Gru\u00dfworten nach dem Gottesdienst dankte Fr. Wern als Gemeinwesenbeauftragte der Stadt Ludwigsburg Fr. Pisko und ihrem Team f\u00fcr ihre segensreiche Arbeit f\u00fcr den Stadtteil. Fr. Eberwein vom Vorstand der LudwigsTafel lobte das Durchhalten in den letzten Jahren [&hellip;]<\/p>\n","protected":false},"author":25,"featured_media":4539,"comment_status":"closed","ping_status":"","sticky":false,"template":"","format":"standard","meta":{"footnotes":""},"categories":[1,62],"tags":[],"class_list":["post-4536","post","type-post","status-publish","format-standard","has-post-thumbnail","hentry","category-allgemein","category-thema-2"],"_links":{"self":[{"href":"https:\/\/www.kath-kirche-lb.de\/st-thomas-und-johannes\/wp-json\/wp\/v2\/posts\/4536","targetHints":{"allow":["GET"]}}],"collection":[{"href":"https:\/\/www.kath-kirche-lb.de\/st-thomas-und-johannes\/wp-json\/wp\/v2\/posts"}],"about":[{"href":"https:\/\/www.kath-kirche-lb.de\/st-thomas-und-johannes\/wp-json\/wp\/v2\/types\/post"}],"author":[{"embeddable":true,"href":"https:\/\/www.kath-kirche-lb.de\/st-thomas-und-johannes\/wp-json\/wp\/v2\/users\/25"}],"replies":[{"embeddable":true,"href":"https:\/\/www.kath-kirche-lb.de\/st-thomas-und-johannes\/wp-json\/wp\/v2\/comments?post=4536"}],"version-history":[{"count":1,"href":"https:\/\/www.kath-kirche-lb.de\/st-thomas-und-johannes\/wp-json\/wp\/v2\/posts\/4536\/revisions"}],"predecessor-version":[{"id":4537,"href":"https:\/\/www.kath-kirche-lb.de\/st-thomas-und-johannes\/wp-json\/wp\/v2\/posts\/4536\/revisions\/4537"}],"wp:featuredmedia":[{"embeddable":true,"href":"https:\/\/www.kath-kirche-lb.de\/st-thomas-und-johannes\/wp-json\/wp\/v2\/media\/4539"}],"wp:attachment":[{"href":"https:\/\/www.kath-kirche-lb.de\/st-thomas-und-johannes\/wp-json\/wp\/v2\/media?parent=4536"}],"wp:term":[{"taxonomy":"category","embeddable":true,"href":"https:\/\/www.kath-kirche-lb.de\/st-thomas-und-johannes\/wp-json\/wp\/v2\/categories?post=4536"},{"taxonomy":"post_tag","embeddable":true,"href":"https:\/\/www.kath-kirche-lb.de\/st-thomas-und-johannes\/wp-json\/wp\/v2\/tags?post=4536"}],"curies":[{"name":"wp","href":"https:\/\/api.w.org\/{rel}","templated":true}]}}