{"id":4853,"date":"2023-01-24T10:25:20","date_gmt":"2023-01-24T10:25:20","guid":{"rendered":"https:\/\/www.kath-kirche-lb.de\/?p=19027"},"modified":"2023-06-17T11:21:10","modified_gmt":"2023-06-17T09:21:10","slug":"musik-of-joy-jubilaeumskonzert","status":"publish","type":"post","link":"https:\/\/www.kath-kirche-lb.de\/st-thomas-und-johannes\/2023\/01\/24\/musik-of-joy-jubilaeumskonzert\/","title":{"rendered":"Musik of Joy &#8211; Jubil\u00e4umskonzert Neckarweihingen am 29. Januar"},"content":{"rendered":"\n<p><br>Jubil\u00e4umskonzert f\u00fcr Orgel, Saxophon und andere Blasinstrumente am 29. Januar 17:00 Uhr <br><\/p>\n\n\n\n<p>Klaus Weber: Orgel<br>Dirk Bretschneider:<br>Saxophon, Fl\u00f6te,<br>Klarinette, Fagott<br><\/p>\n\n\n\n<p>Werke von Antoine Auberson, Johann Sebastian Bach, Dirk Bretschneider und Guy de Lioncourt<\/p>\n\n\n\n<div data-wp-interactive=\"core\/file\" class=\"wp-block-file\"><object data-wp-bind--hidden=\"!state.hasPdfPreview\" hidden class=\"wp-block-file__embed\" data=\"https:\/\/www.kath-kirche-lb.de\/wp-content\/uploads\/2023\/01\/konzert-klaus-weber.pdf\" type=\"application\/pdf\" style=\"width:100%;height:600px\" aria-label=\"Einbettung von Jubil\u00e4umskonzert Klaus Weber.\"><\/object><a id=\"wp-block-file--media-07374205-d1c1-4c9a-a8c3-a14f8af9e45e\" href=\"https:\/\/www.kath-kirche-lb.de\/wp-content\/uploads\/2023\/01\/konzert-klaus-weber.pdf\">Jubil\u00e4umskonzert Klaus Weber<\/a><a href=\"https:\/\/www.kath-kirche-lb.de\/wp-content\/uploads\/2023\/01\/konzert-klaus-weber.pdf\" class=\"wp-block-file__button wp-element-button\" download aria-describedby=\"wp-block-file--media-07374205-d1c1-4c9a-a8c3-a14f8af9e45e\">Herunterladen<\/a><\/div>\n","protected":false},"excerpt":{"rendered":"<p>Jubil\u00e4umskonzert f\u00fcr Orgel, Saxophon und andere Blasinstrumente am 29. Januar 17:00 Uhr Klaus Weber: OrgelDirk Bretschneider:Saxophon, Fl\u00f6te,Klarinette, Fagott Werke von Antoine Auberson, Johann Sebastian Bach, Dirk Bretschneider und Guy de Lioncourt<\/p>\n","protected":false},"author":14,"featured_media":4856,"comment_status":"closed","ping_status":"open","sticky":false,"template":"","format":"standard","meta":{"footnotes":""},"categories":[1008],"tags":[],"class_list":["post-4853","post","type-post","status-publish","format-standard","has-post-thumbnail","hentry","category-aktuelles"],"_links":{"self":[{"href":"https:\/\/www.kath-kirche-lb.de\/st-thomas-und-johannes\/wp-json\/wp\/v2\/posts\/4853","targetHints":{"allow":["GET"]}}],"collection":[{"href":"https:\/\/www.kath-kirche-lb.de\/st-thomas-und-johannes\/wp-json\/wp\/v2\/posts"}],"about":[{"href":"https:\/\/www.kath-kirche-lb.de\/st-thomas-und-johannes\/wp-json\/wp\/v2\/types\/post"}],"author":[{"embeddable":true,"href":"https:\/\/www.kath-kirche-lb.de\/st-thomas-und-johannes\/wp-json\/wp\/v2\/users\/14"}],"replies":[{"embeddable":true,"href":"https:\/\/www.kath-kirche-lb.de\/st-thomas-und-johannes\/wp-json\/wp\/v2\/comments?post=4853"}],"version-history":[{"count":2,"href":"https:\/\/www.kath-kirche-lb.de\/st-thomas-und-johannes\/wp-json\/wp\/v2\/posts\/4853\/revisions"}],"predecessor-version":[{"id":4855,"href":"https:\/\/www.kath-kirche-lb.de\/st-thomas-und-johannes\/wp-json\/wp\/v2\/posts\/4853\/revisions\/4855"}],"wp:featuredmedia":[{"embeddable":true,"href":"https:\/\/www.kath-kirche-lb.de\/st-thomas-und-johannes\/wp-json\/wp\/v2\/media\/4856"}],"wp:attachment":[{"href":"https:\/\/www.kath-kirche-lb.de\/st-thomas-und-johannes\/wp-json\/wp\/v2\/media?parent=4853"}],"wp:term":[{"taxonomy":"category","embeddable":true,"href":"https:\/\/www.kath-kirche-lb.de\/st-thomas-und-johannes\/wp-json\/wp\/v2\/categories?post=4853"},{"taxonomy":"post_tag","embeddable":true,"href":"https:\/\/www.kath-kirche-lb.de\/st-thomas-und-johannes\/wp-json\/wp\/v2\/tags?post=4853"}],"curies":[{"name":"wp","href":"https:\/\/api.w.org\/{rel}","templated":true}]}}