{"id":4859,"date":"2023-01-27T16:11:26","date_gmt":"2023-01-27T16:11:26","guid":{"rendered":"https:\/\/www.kath-kirche-lb.de\/?p=19050"},"modified":"2023-01-27T17:14:01","modified_gmt":"2023-01-27T16:14:01","slug":"mariae-lichtmess-mit-gregorianischen-gesaengen","status":"publish","type":"post","link":"https:\/\/www.kath-kirche-lb.de\/st-thomas-und-johannes\/2023\/01\/27\/mariae-lichtmess-mit-gregorianischen-gesaengen\/","title":{"rendered":"Mari\u00e4 Lichtmess mit gregorianischen Ges\u00e4ngen"},"content":{"rendered":"\n<p>Der Gottesdienst zum Fest Mari\u00e4 Lichtmess in St. Josef wird dieses Jahr mit <strong>gregorianischen Ges\u00e4ngen<\/strong> gestaltet.\u00a0Die Gregorianik ist die wohl\u00a0\u00e4lteste\u00a0\u00fcberlieferte Form der Kirchenmusik, eine Musik mit tiefer Spiritualit\u00e4t. Es erklingen im Gottesdienst die Ges\u00e4nge vom Fest Mari\u00e4 Lichtmess und die Missa de angelis.\u00a0<br><br><strong>2.2.2023, 19 Uhr in St. Josef, Hoheneck<\/strong>. Herzliche Einladung!<\/p>\n","protected":false},"excerpt":{"rendered":"<p>Der Gottesdienst zum Fest Mari\u00e4 Lichtmess in St. Josef wird dieses Jahr mit gregorianischen Ges\u00e4ngen gestaltet.\u00a0Die Gregorianik ist die wohl\u00a0\u00e4lteste\u00a0\u00fcberlieferte Form der Kirchenmusik, eine Musik mit tiefer Spiritualit\u00e4t. Es erklingen im Gottesdienst die Ges\u00e4nge vom Fest Mari\u00e4 Lichtmess und die Missa de angelis.\u00a0 2.2.2023, 19 Uhr in St. Josef, Hoheneck. Herzliche Einladung!<\/p>\n","protected":false},"author":20,"featured_media":0,"comment_status":"closed","ping_status":"open","sticky":false,"template":"","format":"standard","meta":{"footnotes":""},"categories":[7],"tags":[],"class_list":["post-4859","post","type-post","status-publish","format-standard","hentry","category-alle_gemeinden"],"_links":{"self":[{"href":"https:\/\/www.kath-kirche-lb.de\/st-thomas-und-johannes\/wp-json\/wp\/v2\/posts\/4859","targetHints":{"allow":["GET"]}}],"collection":[{"href":"https:\/\/www.kath-kirche-lb.de\/st-thomas-und-johannes\/wp-json\/wp\/v2\/posts"}],"about":[{"href":"https:\/\/www.kath-kirche-lb.de\/st-thomas-und-johannes\/wp-json\/wp\/v2\/types\/post"}],"author":[{"embeddable":true,"href":"https:\/\/www.kath-kirche-lb.de\/st-thomas-und-johannes\/wp-json\/wp\/v2\/users\/20"}],"replies":[{"embeddable":true,"href":"https:\/\/www.kath-kirche-lb.de\/st-thomas-und-johannes\/wp-json\/wp\/v2\/comments?post=4859"}],"version-history":[{"count":1,"href":"https:\/\/www.kath-kirche-lb.de\/st-thomas-und-johannes\/wp-json\/wp\/v2\/posts\/4859\/revisions"}],"predecessor-version":[{"id":4860,"href":"https:\/\/www.kath-kirche-lb.de\/st-thomas-und-johannes\/wp-json\/wp\/v2\/posts\/4859\/revisions\/4860"}],"wp:attachment":[{"href":"https:\/\/www.kath-kirche-lb.de\/st-thomas-und-johannes\/wp-json\/wp\/v2\/media?parent=4859"}],"wp:term":[{"taxonomy":"category","embeddable":true,"href":"https:\/\/www.kath-kirche-lb.de\/st-thomas-und-johannes\/wp-json\/wp\/v2\/categories?post=4859"},{"taxonomy":"post_tag","embeddable":true,"href":"https:\/\/www.kath-kirche-lb.de\/st-thomas-und-johannes\/wp-json\/wp\/v2\/tags?post=4859"}],"curies":[{"name":"wp","href":"https:\/\/api.w.org\/{rel}","templated":true}]}}