{"id":5195,"date":"2023-03-01T08:52:08","date_gmt":"2023-03-01T07:52:08","guid":{"rendered":"https:\/\/www.kath-kirche-lb.de\/st-thomas-und-johannes\/?p=5195"},"modified":"2023-03-06T10:38:54","modified_gmt":"2023-03-06T09:38:54","slug":"kirchen-kalendarisches-im-maerz","status":"publish","type":"post","link":"https:\/\/www.kath-kirche-lb.de\/st-thomas-und-johannes\/2023\/03\/01\/kirchen-kalendarisches-im-maerz\/","title":{"rendered":"<strong>Kirchen-Kalendarisches im M\u00e4rz<\/strong>"},"content":{"rendered":"\n<p><em><u>Dem hl. Joseph, Patron der Kirche, geweiht<\/u><\/em><\/p>\n\n\n\n<p><strong>1. M\u00e4rz<\/strong><\/p>\n\n\n\n<p><strong><u>Albinus (6. Jh.)<\/u><\/strong><\/p>\n\n\n\n<p>Schon zu seinen Lebzeiten geschahen auf seine F\u00fcrbitte Wunder. So soll er ein totes Kind wiedererweckt haben.<\/p>\n\n\n\n<p><strong>Patron <\/strong>der kranken Kinder, bei Blindheit und Keuchhusten<\/p>\n\n\n\n<p><em>Bauernregel: \u201eIst Albinus Regentag, der Bauer sich nicht freuen mag.\u201c<\/em><\/p>\n\n\n\n<p><strong><u>David von Menevia (6.\/7. Jh.)<\/u><\/strong><\/p>\n\n\n\n<p>Einsiedler in den Bergen von Wales<\/p>\n\n\n\n<p><strong>Patron<\/strong> von Wales<\/p>\n\n\n\n<p><strong><u>Eudokia (Dunja, Awdotja) (1.\/2. Jh.)<\/u><\/strong><\/p>\n\n\n\n<p>Die bekehrte Lebefrau wurde von ihrem fr\u00fcheren Liebhaber als Christin angezeigt.<\/p>\n\n\n\n<p><strong><u>Felix II. (5. Jh.)<\/u><\/strong><\/p>\n\n\n\n<p>Aufgrund seines Zutuns kam es zur ersten Spaltung zwischen Ost- und Westkirche.<\/p>\n\n\n\n<p><strong>2. M\u00e4rz<\/strong><\/p>\n\n\n\n<p><strong><u>Hubert Engelmar Unzeitig (1911-1945)<\/u><\/strong><\/p>\n\n\n\n<p>Der junge Priester protestierte \u00f6ffentlich gegen den Rassenwahn, wurde 1941 wegen \u201et\u00fcckischer \u00c4u\u00dferungen und Verteidigung der Juden\u201c angezeigt und in das Konzentrationslager Dachau verschleppt. Der \u201eEngel von Dachau\u201c teilte seine Essensrationen mit russischen H\u00e4ftlingen und Pflegte die an Flecktyphus Erkrankten.<\/p>\n\n\n\n<p>Papst Franziskus sprach Engelmar am 24. September 2016 selig<\/p>\n\n\n\n<p><strong>3. M\u00e4rz<\/strong><\/p>\n\n\n\n<p><strong><u>Kunigunde von Luxemburg (10.\/11. Jh.) <\/u><\/strong>&nbsp;<br>Die Tochter des Grafen Siegfried I. von Luxemburg ehelichte den sp\u00e4teren Kaiser Heinrich II., der ebenfalls heiliggesprochen wurde.<\/p>\n\n\n\n<p><strong>Patronin <\/strong>der schwangeren Frauen und kranken Kinder<\/p>\n\n\n\n<p><em>Bauernregel: \u201eSonnige Kunigunde bringt frohe Kunde.\u201c<\/em><\/p>\n\n\n\n<p><strong><u>Katharine Drexel (1858-1955)<\/u><\/strong><\/p>\n\n\n\n<p>Die Tochter aus reichem Hause kam in Philadelphia zur Welt. Ihre tiefreligi\u00f6se Familie hatte \u00f6sterreichische Wurzeln. Sie rief die \u201eSchwestern des Heiligen Sakraments\u201c ins Leben, deren Engagement galt der indigenen und schwarzen Bev\u00f6lkerung der USA. Ihre Arbeit brachte auch Feinde hervor: Rassisten bek\u00e4mpften ihr Wirken und bedrohten sie mit dem Tod.<\/p>\n\n\n\n<p>Im Jahre 2000 wurde sie heiliggesprochen.<\/p>\n\n\n\n<p><strong><u>Leif (Isleifr) (11. Jh.)<\/u><\/strong><\/p>\n\n\n\n<p>Herr Gizuratsson war der erste Bischof von Island.<\/p>\n\n\n\n<p><strong>4. M\u00e4rz<\/strong><\/p>\n\n\n\n<p><strong><u>Humbert (Umberto) (12. Jh.)<\/u><\/strong><\/p>\n\n\n\n<p>Der Herzog von Savoyen war ein frommer und gerechter Landesvater, der oft als Friedensvermittler Erfolg hatte.<\/p>\n\n\n\n<p><strong><u>Kasimir von Polen und Litauen (15. Jh.)<\/u><\/strong><\/p>\n\n\n\n<p>Der marienfromme Prinz pflegte einen vorbildlichen Herrschaftsstil: Sparsamkeit, Korruptionsbek\u00e4mpfung und Armenf\u00fcrsorge<\/p>\n\n\n\n<p><strong>5. M\u00e4rz<\/strong><\/p>\n\n\n\n<p><strong><u>Robert Spiske<\/u><\/strong><\/p>\n\n\n\n<p>Der \u201eApostel der Caritas\u201c rief den \u201eSt. Hedwigs-Verein katholischer Frauen und Jungfrauen\u201c ins Leben \u2013 sp\u00e4ter wurden sie \u201eHedwigschwestern\u201c genannt.<\/p>\n\n\n\n<p><strong>6. M\u00e4rz<\/strong><\/p>\n\n\n\n<p><strong><u>Nicoletta Boillet (14. \/15. Jh.)<\/u><\/strong><\/p>\n\n\n\n<p>Nicola verf\u00fcgte \u00fcber \u201eviel Demut, Herzenseinfalt und Liebe\u201c. Deren Ordensschwestern nannten sich \u201eColettinnen\u201c. \u201eColetaner\u201c nannten sich die Br\u00fcder in den gegr\u00fcndeten M\u00e4nnerkl\u00f6stern.<\/p>\n\n\n\n<p><strong>Patronin<\/strong> von Gent (Belgien), gegen Fieber, Augenleiden, Kopfschmerzen, bei Unfruchtbarkeit der Ehe und f\u00fcr eine gl\u00fcckliche Geburt<\/p>\n\n\n\n<p><strong><u>Friedolin von S\u00e4ckingen (5.\/6. Jh.)<\/u><\/strong><\/p>\n\n\n\n<p>Der Glaubensbote und Wanderprediger gr\u00fcndete das Kloster des hl. Hilarius in S\u00e4ckingen am Oberrhein bei Basel. Dieses Kloster war der Ausgangspunkt f\u00fcr die Missionierung des sp\u00e4teren Baden-W\u00fcrttembergs. Zu Ehren des \u201eApostels des badischen Oberlandes\u201c gibt es in Bad S\u00e4ckingen am Sonntag nach seinem Gedenktag eine gro\u00dfe Prozession und ein Volksfest.<\/p>\n\n\n\n<p><strong>Patron<\/strong> der Schneider, des Viehs, von Bad-S\u00e4ckingen und des Kantons Glarus (Schweiz), gegen Feuer- und Wassergefahr, Bein-, Knie- und Armleiden<\/p>\n\n\n\n<p><em>Bauernregeln: \u201eAn Sankt Fridolin bring den Pflug zum Felde hin.\u201c<br>\u201eAm Tage von Sankt Fridolin, zieh\u00b4n wieder Schaf und Sch\u00e4fer\u00b4in.\u201c<\/em><\/p>\n\n\n\n<p><strong>7. M\u00e4rz<\/strong><\/p>\n\n\n\n<p><strong><u>Felicitas und Perpetua (1.\/2. Jh.)<\/u><\/strong><\/p>\n\n\n\n<p>Perpetua und Felizitas geh\u00f6ren zu den \u00e4ltesten zuverl\u00e4ssig bekundeten Blutzeugen. Felizitas, Perpetuas Sklavin, hatte im Kerker noch ein Kind zur Welt gebracht. Perpetua war Mutter eines zweij\u00e4hrigen M\u00e4dchens. Die Frauen wurden in der Arena Karthagos zun\u00e4chst wilden K\u00fchen und sp\u00e4ter einem wilden Leoparden vorgeworfen. Im Kerker erhielten sie noch ihre Taufe.<\/p>\n\n\n\n<p><em>Bauernregel: \u201ePerpetua und Felizitas bringen das erste Gras.\u201c<\/em><\/p>\n\n\n\n<p><strong>8. M\u00e4rz<\/strong><\/p>\n\n\n\n<p><strong><u>Johannes von Gott (15.\/16. Jh.)<\/u><\/strong><\/p>\n\n\n\n<p>Findelkinder trugen \u00fcblicherweise den Beinamen \u201evon Gott\u201c. Der Portugiese gilt als Bahnbrecher in der methodischen Krankenpflege und der Betreuung von geistig kranken Menschen. Sein aufopferungsvoller Dienst galt auch H\u00e4ftlingen, Prostituierten und verwahrlosten Stra\u00dfenkindern.<\/p>\n\n\n\n<p><strong>Patronat <\/strong>von Granada, der Kranken, Krankenh\u00e4user und Krankenpfleger*innen, der Buchh\u00e4ndler (er soll selbst kurze Zeit als Buchh\u00e4ndler gearbeitet haben), Buchdruckerinnen, Papierm\u00fcller<\/p>\n\n\n\n<p><em>\u201eSei immer liebevoll, denn wo keine Liebe ist,<br>da ist Gott nicht, auch wenn Gott an jedem Ort ist.\u201c<\/em><\/p>\n\n\n\n<p><strong>9. M\u00e4rz<\/strong><\/p>\n\n\n\n<p><strong><u>Franziska von Rom (14.\/15. Jh.)<\/u><\/strong><\/p>\n\n\n\n<p>Fanni entstammte einer Adelsfamilie. Mit 12 Jahren wurde sie an eines Standesgenossen verheiratet; die recht gl\u00fcckliche Ehe w\u00e4hrte 40 Jahre. Nach dem Tod ihres Mannes trat sie in das von ihr gegr\u00fcndete Kloster selbst ein.<\/p>\n\n\n\n<p><strong>Schutzpatronin<\/strong> der Frauen, der Autofahrer*innen und von Rom<\/p>\n\n\n\n<p><em>Bauernregel: \u201eFranziska sich Sonne einstellt, soll der Bauer bald auf`s Feld.\u201c<\/em><\/p>\n\n\n\n<p><strong>10. M\u00e4rz<\/strong><\/p>\n\n\n\n<p><strong><u>John Ogilvie SJ (16.\/17. Jh.)<\/u><\/strong><\/p>\n\n\n\n<p>Verkleidet als Pferdeh\u00e4ndler reiste er undercover durch Schottland und feierte die Messe, spendete die Sakramente und besuchte gefangene Katholiken.<\/p>\n\n\n\n<p>Trotz monatelanger Folter weigerte er sich, die Namen anderer Katholiken zu verraten.<\/p>\n\n\n\n<p><strong><u>Gregor von Nyssa (4. Jh,)<\/u><\/strong><\/p>\n\n\n\n<p>Er vermittelte zwischen antiker Philosophie und christlichem Glauben; heute z\u00e4hlt er zu den \u201eKappadokischen V\u00e4tern\u201c.<\/p>\n\n\n\n<p><em>Bauernregel: \u201eScheint an Gregor die Sonne, herrscht bei Korn- und Weinbauern die Wonne.\u201c<\/em><\/p>\n\n\n\n<p><strong>11. M\u00e4rz<\/strong><\/p>\n\n\n\n<p><strong><u>Rosina (Euphrosyne) vom Allg\u00e4u (13.\/14. Jh.)<\/u><\/strong><\/p>\n\n\n\n<p>Die Einsiedlerin soll in Wenglingen bei Kaufbeuren gelebt haben.<\/p>\n\n\n\n<p><em>Bauernregel: \u201eBringt Sankt Rosina Sturm und Wind, ist Rosamunde (30.4.) uns gelind.\u201c<\/em><\/p>\n\n\n\n<p><strong><u>Heinrich Hahn (1800-1882)<\/u><\/strong><\/p>\n\n\n\n<p>Der Arzt behandelte Reiche als auch die Verlierer der Industrialisierung. Er organisierte die Ausbreitung des Franziskus-Xaverius-Vereins, aus dem 1972 \u201emissio\u201c hervorging. Mit den Stimmen der Armen wurde er in den Aachener Stadtrat gew\u00e4hlt, wo er sich in Fragen der Sozialpolitik f\u00fcr Benachteiligte einsetzte.<\/p>\n\n\n\n<p>2003 wurde die di\u00f6zesane Phase des Seligsprechungsprozesses abgesprochen. 2015 wurde sein \u201eheroischer\u201c Tugendgrad anerkannt.<\/p>\n\n\n\n<p><strong>12. M\u00e4rz<\/strong><\/p>\n\n\n\n<p><strong><u>Gregor I. d. Gr., Papst (6.\/7. Jh.)<\/u><\/strong><\/p>\n\n\n\n<p>Bei der Kalenderreform von 1969\/70 wurde der 3. September sein Gedenktag; im Jahre 590 wurde er am 3. September zum Papst gew\u00e4hlt.<\/p>\n\n\n\n<p>Er geh\u00f6rt zu den vier lateinischen Kirchenv\u00e4tern: Ambrosius, Hieronymus, Augustinus<\/p>\n\n\n\n<p>Die Naturweisheiten orientieren sich noch am alten Datum.<\/p>\n\n\n\n<p><em>Bauernregel: \u201eGregor zeigt dem Bauern an, dass im Feld er s\u00e4en kann.\u201c<\/em><\/p>\n\n\n\n<p><strong>Patronat: <\/strong>des kirchlichen Schulwesens, der Bergwerke, des Chor- und Choralgesanges, der Gelehrt*innen, Lehrer*innen, Sch\u00fcler*innen, Student*innen, S\u00e4nger*innen, Musiker*innen, Maurer*innen, Knopfmacher*innen, gegen Gicht und Pest<\/p>\n\n\n\n<p><strong><u>Beatrix von Engelport (13. Jh.)<\/u><\/strong><\/p>\n\n\n\n<p>Die \u201eengelgleiche\u201c Chorfrau wurde w\u00e4hrend der Messe, als man gerade das \u201eSanctus\u201c zur Wandlung betete, aus diesem Leben abberufen.<\/p>\n\n\n\n<p><strong>13. M\u00e4rz<\/strong><\/p>\n\n\n\n<p><strong><u>Paulina von Paulinzella (11.\/12. Jh.)<\/u><\/strong><\/p>\n\n\n\n<p>Die s\u00e4chsische Adelige zog nach dem Tod ihres zweiten Mannes mit Gef\u00e4hrtinnen in den Th\u00fcringer Wald und gr\u00fcndete dort eine Einsiedelei. Das Doppelkloster Paulinzella baute sie nahe Ilmenau auf.<\/p>\n\n\n\n<p>Das Kloster Paulinzella wurde in der Reformation 1534 aufgel\u00f6st, die Basilika zerst\u00f6rt. Die Ruinen sind jedoch bis heute erhalten geblieben.<\/p>\n\n\n\n<p><strong><u>Judith von Ringelheim (11. Jh.)<\/u><\/strong><\/p>\n\n\n\n<p>\u00c4btissin in Ringelheim, heute Stadtteil von Salzgitter in Niedersachsen<\/p>\n\n\n\n<p><strong><u>Leander von Sevilla (6. Jh.)<\/u><\/strong><\/p>\n\n\n\n<p>Nach dem fr\u00fchen Tod des Vaters zog Leander seine drei j\u00fcngeren Geschwister Isidor (einen sp\u00e4teren Kirchenlehrer), Fulgentius (einen sp\u00e4teren Bischof) und Florentina (eine sp\u00e4tere Kosterfrau) selber auf. Sp\u00e4ter wurde Leander Benediktinerm\u00f6nch.<\/p>\n\n\n\n<p><strong>Patronat: <\/strong>von Sevilla, gegen Rheumatismus<\/p>\n\n\n\n<p><em>Bauernregel: \u201eAlexander (26.2.) und Leander suchen M\u00e4rzluft miteinander.\u201c<\/em><\/p>\n\n\n\n<p><strong>14. M\u00e4rz<\/strong><\/p>\n\n\n\n<p><strong><u>Eva von L\u00fcttich (13. Jh.)<\/u><\/strong> (Evelyn, Eveline, Evita)<\/p>\n\n\n\n<p>Eva von L\u00fcttich (Belgien) war mystisch begnadet und erfolgreich als Wegbereiterin des Fronleichnamsfestes t\u00e4tig.<\/p>\n\n\n\n<p><strong><u>Mathilde von Ringelheim (9.\/10. Jh.) <\/u><\/strong>(Mechthild, Thilde, Matilda, Maud)<\/p>\n\n\n\n<p>Die legend\u00e4re \u201egute Mutter der Nation\u201c entstammte dem s\u00e4chsischen Adel und war die Frau des sp\u00e4teren K\u00f6nig Heinrichs I. und des Kaisers Otto I.<\/p>\n\n\n\n<p>Einig waren sich ihre Kinder nur in ihrem Misstrauen gegen\u00fcber dem Finanzverhalten ihrer Mutter: Hinter Mathildes zahlreichen Klostergr\u00fcndungen und Almosen sahen sie vor allem eine gef\u00e4hrliche Verschwendung von Throngeldern.<\/p>\n\n\n\n<p><em>Bauernregeln: \u201eMathilde noch Schnee, tut den Fr\u00fcchten weh.\u201c<br>\u201eMathilde sagt dem Bauer an, ob er\u00b4s Feld bestellen kann.\u201c<\/em><\/p>\n\n\n\n<p><strong>15. M\u00e4rz<\/strong><\/p>\n\n\n\n<p><strong><u>Lukretia (Leocritia) (9. Jh.)<\/u><\/strong><\/p>\n\n\n\n<p>Die Tochter verm\u00f6gender Eltern aus Cordoba, das damals von den Mauren beherrscht war, bekehrte sich vom Islam zum Christentum und wurde deswegen enthauptet.<\/p>\n\n\n\n<p><em>Bauernregel: \u201eLucretia feucht, bleiben die Korns\u00e4cke leicht.\u201c<\/em><\/p>\n\n\n\n<p><strong><u>Louise de Marillac (17. Jh.)<\/u><\/strong><\/p>\n\n\n\n<p>Die junge Witwe stellte ihr Leben ganz in den Dienst der christlichen N\u00e4chstenliebe. Gemeinsam mit Vinzenz von Paul (27.9) gr\u00fcndete sie den Oden \u201eFilles de la Charit\u00e9\u201c (\u201eT\u00f6chter der N\u00e4chstenliebe\u201c) \u2013 oder auch \u201eVinzentinerinnen\u201c genannt.<\/p>\n\n\n\n<p><strong><u>Klemens Maria Hofbauer (18.\/19. Jh.)<\/u><\/strong><\/p>\n\n\n\n<p>Der Redemptorist widmete sich besonders den Armen und Notleidenden, traf sich aber auch mit bedeutenden Pers\u00f6nlichkeiten wie Joseph von Eichendorff oder Clemens von Brentano im sog. \u201eHofbauer-Kreis\u201c. Der \u201eApostel von Wien\u201c vermochte diese zwei Welten \u2013 arm und reich, einfach und gebildet \u2013 bemerkenswert zu verbinden.<\/p>\n\n\n\n<p><strong>Patronat:<\/strong> der Gesellenvereine, von Wien<\/p>\n\n\n\n<p><em>\u201eChristus, der Sohn Gottes, ward wie wir, damit wir werden wie er.\u201c<\/em><\/p>\n\n\n\n<p><strong>16. M\u00e4rz<\/strong><\/p>\n\n\n\n<p><strong><u>Heribert von K\u00f6ln (10.\/11. Jh.)<\/u><\/strong><\/p>\n\n\n\n<p><strong>Patron<\/strong> f\u00fcr Regen<\/p>\n\n\n\n<p><strong><u>Gundomar (8. Jh.) <\/u><\/strong>(Guntmar, Gummar, Gommer)<\/p>\n\n\n\n<p>Er geh\u00f6rte zur k\u00f6niglichen fr\u00e4nkischen Hofgesellschaft und war mit einer z\u00e4nkischen und herrschs\u00fcchtigen Frau verheiratet, die in seiner Abwesenheit die Untergebenen misshandelte. Er verlie\u00df sie und fand als Einsiedler nahe Nivesdonck seinen Frieden.<\/p>\n\n\n\n<p><strong>Patronat: <\/strong>von Antwerpen, Drechsler, Holzhauer, gegen Bruchleiden und b\u00f6sartige Ehefrauen<\/p>\n\n\n\n<p><strong>17. M\u00e4rz<\/strong><\/p>\n\n\n\n<p><strong><u>Patrick von Irland (4.\/5. Jh.)<\/u><\/strong><\/p>\n\n\n\n<p>St. Patrick\u00b4s Day \u2013 \u201eApostel Irlands\u201c<\/p>\n\n\n\n<p><strong><u>Gertrud von Nivelles OSB (7. Jh.)<\/u><\/strong><\/p>\n\n\n\n<p><strong>Patronat: <\/strong>der Krankenh\u00e4user, der Armen, Witwen, Pilger, Gefangenen, Herbergen und Reisenden, G\u00e4rtner, der Feld- und Gartenfr\u00fcchte sowie gegen Ratten- und M\u00e4useplagen und gegen Fieber<\/p>\n\n\n\n<p><em>Bauernregeln: \u201eSieht St. Gertraud Eis, wird das Jahr nicht hei\u00df.\u201c<br>\u201eGertraude n\u00fctzt dem G\u00e4rtner fein, wenn sie kommt mit Sonnenschein.\u201c<\/em><\/p>\n\n\n\n<p><strong>18. M\u00e4rz<\/strong><\/p>\n\n\n\n<p><strong><u>Cyrill von Jerusalem (4. Jh.)<\/u><\/strong><\/p>\n\n\n\n<p><em>\u201eDer Mensch ist Gottes Meisterwerk, das Ebenbild seines Sch\u00f6pfers.\u201c<\/em><\/p>\n\n\n\n<p><strong>19. M\u00e4rz<\/strong><\/p>\n\n\n\n<p><em><u>Hl. Joseph, Br\u00e4utigam der allerseligsten Jungfrau Maria,<\/u><\/em><\/p>\n\n\n\n<p><em><u>Bekenner, N\u00e4hrvater Jesu Christi<\/u><\/em><\/p>\n\n\n\n<p>Josefitag \u2013 Schutzpatron der Arbeiter besonders der Zimmerleute<\/p>\n\n\n\n<p>Schutzheiliger der ganzen Kirche<\/p>\n\n\n\n<p><strong>24. M\u00e4rz<\/strong><\/p>\n\n\n\n<p><em><u>Fest des Hl. Erzengel Gabriel<\/u><\/em><\/p>\n\n\n\n<p><strong>25. M\u00e4rz<\/strong><em>Fest Mari\u00e4 Verk\u00fcndigung<\/em><\/p>\n","protected":false},"excerpt":{"rendered":"<p>Dem hl. Joseph, Patron der Kirche, geweiht 1. M\u00e4rz Albinus (6. Jh.) Schon zu seinen Lebzeiten geschahen auf seine F\u00fcrbitte Wunder. So soll er ein totes Kind wiedererweckt haben. Patron der kranken Kinder, bei Blindheit und Keuchhusten Bauernregel: \u201eIst Albinus Regentag, der Bauer sich nicht freuen mag.\u201c David von Menevia (6.\/7. Jh.) Einsiedler in den [&hellip;]<\/p>\n","protected":false},"author":18,"featured_media":5196,"comment_status":"closed","ping_status":"closed","sticky":false,"template":"","format":"standard","meta":{"footnotes":""},"categories":[1012],"tags":[],"class_list":["post-5195","post","type-post","status-publish","format-standard","has-post-thumbnail","hentry","category-thema-1"],"_links":{"self":[{"href":"https:\/\/www.kath-kirche-lb.de\/st-thomas-und-johannes\/wp-json\/wp\/v2\/posts\/5195","targetHints":{"allow":["GET"]}}],"collection":[{"href":"https:\/\/www.kath-kirche-lb.de\/st-thomas-und-johannes\/wp-json\/wp\/v2\/posts"}],"about":[{"href":"https:\/\/www.kath-kirche-lb.de\/st-thomas-und-johannes\/wp-json\/wp\/v2\/types\/post"}],"author":[{"embeddable":true,"href":"https:\/\/www.kath-kirche-lb.de\/st-thomas-und-johannes\/wp-json\/wp\/v2\/users\/18"}],"replies":[{"embeddable":true,"href":"https:\/\/www.kath-kirche-lb.de\/st-thomas-und-johannes\/wp-json\/wp\/v2\/comments?post=5195"}],"version-history":[{"count":2,"href":"https:\/\/www.kath-kirche-lb.de\/st-thomas-und-johannes\/wp-json\/wp\/v2\/posts\/5195\/revisions"}],"predecessor-version":[{"id":5213,"href":"https:\/\/www.kath-kirche-lb.de\/st-thomas-und-johannes\/wp-json\/wp\/v2\/posts\/5195\/revisions\/5213"}],"wp:featuredmedia":[{"embeddable":true,"href":"https:\/\/www.kath-kirche-lb.de\/st-thomas-und-johannes\/wp-json\/wp\/v2\/media\/5196"}],"wp:attachment":[{"href":"https:\/\/www.kath-kirche-lb.de\/st-thomas-und-johannes\/wp-json\/wp\/v2\/media?parent=5195"}],"wp:term":[{"taxonomy":"category","embeddable":true,"href":"https:\/\/www.kath-kirche-lb.de\/st-thomas-und-johannes\/wp-json\/wp\/v2\/categories?post=5195"},{"taxonomy":"post_tag","embeddable":true,"href":"https:\/\/www.kath-kirche-lb.de\/st-thomas-und-johannes\/wp-json\/wp\/v2\/tags?post=5195"}],"curies":[{"name":"wp","href":"https:\/\/api.w.org\/{rel}","templated":true}]}}