{"id":5362,"date":"2023-05-08T11:00:25","date_gmt":"2023-05-08T09:00:25","guid":{"rendered":"https:\/\/www.kath-kirche-lb.de\/st-thomas-und-johannes\/?p=5362"},"modified":"2023-05-11T18:26:30","modified_gmt":"2023-05-11T16:26:30","slug":"kirchen-kalendarisches-im-mai","status":"publish","type":"post","link":"https:\/\/www.kath-kirche-lb.de\/st-thomas-und-johannes\/2023\/05\/08\/kirchen-kalendarisches-im-mai\/","title":{"rendered":"Kirchen-Kalendarisches im Mai"},"content":{"rendered":"\n<p><em><u>Der Maienk\u00f6nigin \u2013 Mutter Maria \u2013 geweiht<\/u><\/em><\/p>\n\n\n\n<p><strong>1. Mai<\/strong><\/p>\n\n\n\n<p>Heiliger Josef der Arbeiter<\/p>\n\n\n\n<p>Diesen Gedenktag am weltweiten Tag der Arbeit f\u00fchrte Papst Pius XIII. 1955 ein, um Josef als Ern\u00e4hrer der Heiligen Familie zu ehren und die <em>W\u00fcrde der menschlichen Arbeit<\/em> zu betonen.<\/p>\n\n\n\n<p>Jeremias (7. Jh. v. Chr.)<\/p>\n\n\n\n<p>Der Prophet zog sich den Zorn der Priesterschaft zu, als er den Standpunkt vertrat, ein rechtschaffenes Leben sei wichtiger als die korrekte Befolgung der religi\u00f6sen Riten.<\/p>\n\n\n\n<p><strong>2. Mai<\/strong><\/p>\n\n\n\n<p>Heiliger Athanasius von Alexandrien (300 &#8211; 373)<\/p>\n\n\n\n<p><em>\u201eDer auferstandene Christus macht das Leben der Menschen zu einem ununterbrochenen Fest des Glaubens.\u201c<\/em><\/p>\n\n\n\n<p><strong>3. Mai&nbsp;&nbsp;&nbsp;&nbsp;&nbsp;&nbsp;&nbsp;&nbsp;&nbsp;&nbsp;&nbsp;&nbsp;&nbsp;&nbsp;&nbsp;&nbsp;&nbsp;&nbsp;&nbsp;&nbsp;&nbsp;&nbsp;&nbsp;&nbsp; <\/strong><em><u>Fest der Auffindung des Heiligen Kreuzes<\/u><\/em><\/p>\n\n\n\n<p>Philippus der Apostel und Jakobus der J\u00fcngere<br>Patronat: Konditoren<\/p>\n\n\n\n<p><strong>4. Mai<\/strong><\/p>\n\n\n\n<p>Monika<br>Sie ist die Mutter des Hl. Augustinus, dem Kirchenlehrer<br><strong>Patronat:<\/strong> M\u00e4chtige F\u00fcrbitterin f\u00fcr Frauen und M\u00fctter, welche sich um die Seelen ihrer M\u00e4nner und Kinder sorgen<\/p>\n\n\n\n<p>Florian von Lorch (2.\/3. Jhd.)<br>Florian z\u00e4hlt zu den Vierzehn Nothelfern und wird besonders in \u00d6sterreich als der erste M\u00e4rtyrer verehrt.<\/p>\n\n\n\n<p><strong>Patron<\/strong> gegen Feuer und Brandgefahren<\/p>\n\n\n\n<p><strong>5. Mai<\/strong><\/p>\n\n\n\n<p>Franz Tendler (1820-1902)<\/p>\n\n\n\n<p>Priester, M\u00f6nch<\/p>\n\n\n\n<p>Ab 1854 wirkte er als Jugendseelsorger,<br>bald wurde Tendler als <strong>\u201eApostel der Jugend\u201c <\/strong>in Wien bekannt.<\/p>\n\n\n\n<p><strong>6. Mai<\/strong><\/p>\n\n\n\n<p>Franc,ois de Montmorency-Laval (17.\/18. Jh.)<\/p>\n\n\n\n<p>Die Di\u00f6zese des Missionsbischofs reichte vom St.-Lorenz-Strom bis zum Golf von Mexiko. Er k\u00e4mpfte gegen den Verkauf von Alkohol an die Indianer.<\/p>\n\n\n\n<p><strong>7. Mai<br><\/strong>Boris (9.\/10. Jh.)<\/p>\n\n\n\n<p>W\u00e4hrend seiner Amtszeit als F\u00fcrst f\u00fchrten Kyrillos und Methodios in Bulgarien die slawische Liturgie ein.<\/p>\n\n\n\n<p><strong>8. Mai&nbsp;&nbsp;&nbsp;&nbsp;&nbsp;&nbsp;&nbsp;&nbsp;&nbsp;&nbsp;&nbsp;&nbsp;&nbsp;&nbsp;&nbsp;&nbsp; <\/strong><em><u>Fest der Erscheinung des Heiligen Erzengels Michael<\/u><\/em><strong><\/strong><\/p>\n\n\n\n<p><strong>11. Mai<\/strong><\/p>\n\n\n\n<p>Heiliger Mamertus (5. Jhd.)<\/p>\n\n\n\n<p>In verschiedenen Gegenden wird Mamertus zu den <strong>Eisheiligen<\/strong> gerechnet.<\/p>\n\n\n\n<p>Er f\u00fchrte Drei Bittg\u00e4nge an den Tagen vor Christi Himmelfahrt ein.<br>Die Prozessionen erflehen g\u00f6ttliche Hilfe oder dienen der Abwendung von Gefahren wie Erdbeben, Feuersbr\u00fcnsten etc.<\/p>\n\n\n\n<p><strong>12. Mai<\/strong><\/p>\n\n\n\n<p>Heiliger Pankratius (3.\/4. Jhd.) \u2013 <strong>Eisheiliger<\/strong><\/p>\n\n\n\n<p><strong>13. Mai<\/strong><\/p>\n\n\n\n<p>Heiliger Servatius (4. Jhd.) \u2013 <strong>Eisheiliger<\/strong><\/p>\n\n\n\n<p>Seit 1829 finden die Wallfahrten zu Ehren des Servatius wieder im Sieben-Jahres-Rhythmus statt, zuletzt 2018.<\/p>\n\n\n\n<p><strong>14. Mai<\/strong><\/p>\n\n\n\n<p>Heiliger Bonifatius von Tarsus (2.\/3. Jhd.) \u2013 <strong>Eisheiliger<\/strong><\/p>\n\n\n\n<p>Bonifatius von Tarsus ist nicht zu verwechseln mit Bonifat\u00edus, dem Apostel der Deutschen.<\/p>\n\n\n\n<p>Selige Juliana von Norwich, Mystikerin \u2013 und Philosophin<\/p>\n\n\n\n<p><strong>15. Mai<\/strong><\/p>\n\n\n\n<p>Heilige Sophia von Rom (2.\/3.Jhd.)\u2013 <strong>Eisheilige<\/strong><\/p>\n\n\n\n<p><strong>Patronin <\/strong>f\u00fcr gutes Wachstum der Feldfr\u00fcchte, gegen Sp\u00e4tfr\u00f6ste.<\/p>\n\n\n\n<p>Als letzte der Eisheiligen wird sie auch die \u201ekalte Sophie\u201c genannt.<\/p>\n\n\n\n<p>Bauernregeln:<\/p>\n\n\n\n<p><em>\u201eVor Bonifaz kein Sommer, nach der So<\/em>phie kein Frost.\u201c<\/p>\n\n\n\n<p>\u201eDie kalt\u00b4 Sophie, die bringt zum Schluss, ganz gern noch einen Regenguss.\u201c<\/p>\n\n\n\n<p><strong>16. Mai<\/strong><\/p>\n\n\n\n<p>Johannes Nepomuk (14. Jhd.)<\/p>\n\n\n\n<p>Der Legende nach wurde er von der Karlsbr\u00fccke in die Moldau geworfen, weil er das Beichtgeheimnis nicht brechen wollte.<\/p>\n\n\n\n<p>Patron der <strong>Beichtv\u00e4ter, <\/strong>Priester, Verschwiegenheit &#8211; gegen Wassergefahren<\/p>\n\n\n\n<p><em>Bauernregeln: \u201eLacht zu Nepomuk die Sonne, ger\u00e4t der Wein zur Wonne.\u201c<br>\u201eDer Nepomuk uns das Wasser macht, dass uns ein gutes Fr\u00fchjahr lacht.\u201c<\/em><\/p>\n\n\n\n<p><strong>21. Mai<\/strong><\/p>\n\n\n\n<p>Hermann Josef von Steinfeld (12. \/ 13. Jhd.)<\/p>\n\n\n\n<p>Patron der M\u00fctter und Kinder<\/p>\n\n\n\n<p>Er wird auch als <strong>\u201eApfelheiliger\u201c <\/strong>verehrt, deshalb legen Pilger oft \u00c4pfel auf sein Grab.<\/p>\n\n\n\n<p><strong>22. Mai<\/strong><\/p>\n\n\n\n<p>Rita von Cascia (15. Jhd.) eigentlich: Margherita Lotti Mancini<\/p>\n\n\n\n<p>An ihrem Gedenktag werden bis heute die sog. <strong>\u201eRita-Rosen\u201c <\/strong>geweiht.<\/p>\n\n\n\n<p><strong>Patronin<\/strong> in aussichtslosen Anliegen und Examensn\u00f6ten<\/p>\n\n\n\n<p><strong>24. Mai<\/strong><\/p>\n\n\n\n<p>Esther (485-465 v. Chr.)<\/p>\n\n\n\n<p>Retterin des j\u00fcdischen Volkes<\/p>\n\n\n\n<p><strong>25. Mai<\/strong><\/p>\n\n\n\n<p>Urban (7. Jhd.)<\/p>\n\n\n\n<p>Glaubensbote bei Heilbronn<\/p>\n\n\n\n<p><strong>Patron <\/strong>der Weing\u00e4rtner<\/p>\n\n\n\n<p><strong>26. Mai<\/strong><\/p>\n\n\n\n<p>Philipp Neri (16. Jhd.)<\/p>\n\n\n\n<p>Seine heitere und volksnahe Art und Predigtform brachten ihm den Beinamen<br><strong>\u201eder lachende Heilige\u201c <\/strong>ein.<\/p>\n\n\n\n<p>Patronat: gegen Unfruchtbarkeit der Frauen, der Humoristen<\/p>\n\n\n\n<p><em>\u201eWarum soll Gott nicht lachen d\u00fcrfen?\u201c<\/em><\/p>\n\n\n\n<p><strong>28. Mai<\/strong><\/p>\n\n\n\n<p>Otto Neururer (1882 \u2013 30. Mai 1940 im KZ Buchenwald)<\/p>\n\n\n\n<p>Der Priester wurde als zw\u00f6lftes Kind des M\u00fcllers Alois und dessen Ehefrau Hildegard geboren.<\/p>\n\n\n\n<p>Weil er einer jungen Frau von einer Eheschlie\u00dfung mit einem aus der Kirche ausgetretenen Nationalsozialisten abriet, wurde er im Dezember 1938 von der Gestapo verhaftet und 1939 in das KZ Dachau und sp\u00e4ter in das KZ Buchenwald gebracht. Noch im Konzentrationslager wirkte er als Seelsorger. Obwohl religi\u00f6se Handlungen im Lager strengstens verboten waren, begannen Otto und sein Mitbruder Matthias Spanlang den Glaubensunterricht f\u00fcr einen Mith\u00e4ftling mit Taufwunsch. Als dies bekannt wurde, h\u00e4ngte man Neururer nackt und kopf\u00fcber an den F\u00fc\u00dfen auf, bis nach 34 Stunden der Tod qualvoll, infolge \u00fcberm\u00e4\u00dfigen Blutandrangs im Kopf, eintrat.<\/p>\n\n\n\n<p><strong>30. Mai<\/strong><em><\/em><\/p>\n\n\n\n<p>Heilige Johanna von Orleans (15. Jh.)<\/p>\n\n\n\n<p><em>\u201eAlle meine Worte und Taten sind in Gottes Hand.<br>Auf ihn alleine verlasse ich mich.\u201c<\/em><strong><em>31. Mai:&nbsp;&nbsp;&nbsp;&nbsp; &nbsp;&nbsp;&nbsp;&nbsp;&nbsp;&nbsp;&nbsp;&nbsp;&nbsp;&nbsp;&nbsp;&nbsp;&nbsp;<u>Fest der allerseligsten Jungfrau Maria K\u00f6nigin<\/u><\/em><\/strong><\/p>\n","protected":false},"excerpt":{"rendered":"<p>Der Maienk\u00f6nigin \u2013 Mutter Maria \u2013 geweiht 1. Mai Heiliger Josef der Arbeiter Diesen Gedenktag am weltweiten Tag der Arbeit f\u00fchrte Papst Pius XIII. 1955 ein, um Josef als Ern\u00e4hrer der Heiligen Familie zu ehren und die W\u00fcrde der menschlichen Arbeit zu betonen. Jeremias (7. Jh. v. Chr.) Der Prophet zog sich den Zorn der [&hellip;]<\/p>\n","protected":false},"author":18,"featured_media":5363,"comment_status":"closed","ping_status":"closed","sticky":false,"template":"","format":"standard","meta":{"footnotes":""},"categories":[1012],"tags":[],"class_list":["post-5362","post","type-post","status-publish","format-standard","has-post-thumbnail","hentry","category-thema-1"],"_links":{"self":[{"href":"https:\/\/www.kath-kirche-lb.de\/st-thomas-und-johannes\/wp-json\/wp\/v2\/posts\/5362","targetHints":{"allow":["GET"]}}],"collection":[{"href":"https:\/\/www.kath-kirche-lb.de\/st-thomas-und-johannes\/wp-json\/wp\/v2\/posts"}],"about":[{"href":"https:\/\/www.kath-kirche-lb.de\/st-thomas-und-johannes\/wp-json\/wp\/v2\/types\/post"}],"author":[{"embeddable":true,"href":"https:\/\/www.kath-kirche-lb.de\/st-thomas-und-johannes\/wp-json\/wp\/v2\/users\/18"}],"replies":[{"embeddable":true,"href":"https:\/\/www.kath-kirche-lb.de\/st-thomas-und-johannes\/wp-json\/wp\/v2\/comments?post=5362"}],"version-history":[{"count":2,"href":"https:\/\/www.kath-kirche-lb.de\/st-thomas-und-johannes\/wp-json\/wp\/v2\/posts\/5362\/revisions"}],"predecessor-version":[{"id":5369,"href":"https:\/\/www.kath-kirche-lb.de\/st-thomas-und-johannes\/wp-json\/wp\/v2\/posts\/5362\/revisions\/5369"}],"wp:featuredmedia":[{"embeddable":true,"href":"https:\/\/www.kath-kirche-lb.de\/st-thomas-und-johannes\/wp-json\/wp\/v2\/media\/5363"}],"wp:attachment":[{"href":"https:\/\/www.kath-kirche-lb.de\/st-thomas-und-johannes\/wp-json\/wp\/v2\/media?parent=5362"}],"wp:term":[{"taxonomy":"category","embeddable":true,"href":"https:\/\/www.kath-kirche-lb.de\/st-thomas-und-johannes\/wp-json\/wp\/v2\/categories?post=5362"},{"taxonomy":"post_tag","embeddable":true,"href":"https:\/\/www.kath-kirche-lb.de\/st-thomas-und-johannes\/wp-json\/wp\/v2\/tags?post=5362"}],"curies":[{"name":"wp","href":"https:\/\/api.w.org\/{rel}","templated":true}]}}