{"id":5456,"date":"2023-04-06T16:32:10","date_gmt":"2023-04-06T14:32:10","guid":{"rendered":"https:\/\/www.kath-kirche-lb.de\/dreieinigkeit\/?p=4019"},"modified":"2023-04-06T16:32:10","modified_gmt":"2023-04-06T14:32:10","slug":"mel-bonis-messe-a-la-serenite","status":"publish","type":"post","link":"https:\/\/www.kath-kirche-lb.de\/st-thomas-und-johannes\/2023\/04\/06\/mel-bonis-messe-a-la-serenite\/","title":{"rendered":"<strong>Mel Bonis: Messe \u201e\u00c0 la s\u00e9r\u00e9nit\u00e9\u201c<\/strong>"},"content":{"rendered":"\n<p>Komponistinnen hatten es immer schwer, sich in der m\u00e4nnerdominierten Welt der klassischen Musik durchzusetzen. Dadurch werden viele in Vergessenheit geratene musikalische Sch\u00e4tze erst heute wiederentdeckt und bieten eine F\u00fclle an \u201eneuen\u201c, klassischen Kompositionen, die gespielt, gesungen und geh\u00f6rt werden wollen.<\/p>\n\n\n\n<p>Der<strong> Ludwigsburger Kammerchor<\/strong> l\u00e4dt am Sonntag, den 14. Mai um 17 Uhr zu einem Konzert ein, bei dem er eine kleine Auswahl an Werken von Komponistinnen aus verschiedenen Jahrhunderten auff\u00fchrt. Als Hauptwerk wird die Messe \u201e\u00c0 la s\u00e9r\u00e9nit\u00e9\u201c von Mel Bonis zu h\u00f6ren sein, &nbsp;des weiteren Werke von Hildegard von Bingen, Sister Sulpitia Cesis, Fanny Hensel, Amy Beach, Gail Randal u.a.<\/p>\n\n\n\n<p>Der Eintritt ist frei. Um Spenden zugunsten \u201eFrauen f\u00fcr Freuen e.V. Ludwigsburg\u201c wird gebeten.<\/p>\n\n\n\n<p>Die Organistin <strong>Tomoyo Inoue<\/strong> (*1995) ist in Kyoto, Japan geboren. Nach Studienbeginn in Japan, wechselte sie 2018 an die Staatliche Hochschule f\u00fcr Musik und Darstellende Kunst Stuttgart und absolvierte dort ein Bachelor Orgel und Bachelor Kirchenmusik bei Prof. J\u00fcrgen Essl. 2021-2022 absolvierte sie einj\u00e4hriges Berufspraktikum an der ev. Stiftskirche Stuttgart, danach ein CAS-Studium an der Musikhochschule Luzern bei Kay Johannsen. Sie absolvierte verschiedenen Meisterkursen, u.a. bei Luca Scandali, Michael Radulescu, Helmut Deutsch, Jean-Baptiste Monnot. Sie f\u00fchrt im In- und Ausland eine rege Konzertt\u00e4tigkeit. Zurzeit studiert sie Master Kirchenmusik A an der Musikhochschule Freiburg bei Prof. Matthias Maierhofer und Prof. David Franke.<\/p>\n\n\n<div class=\"wp-block-image\">\n<figure class=\"aligncenter size-large is-resized\"><img loading=\"lazy\" decoding=\"async\" src=\"https:\/\/www.kath-kirche-lb.de\/dreieinigkeit\/wp-content\/uploads\/sites\/4\/2023\/04\/Mel-Bonis-Plakat-A3_neu_1-728x1024.jpg\" alt=\"\" class=\"wp-image-4020\" width=\"520\" height=\"731\" \/><\/figure>\n<\/div>","protected":false},"excerpt":{"rendered":"<p>Komponistinnen hatten es immer schwer, sich in der m\u00e4nnerdominierten Welt der klassischen Musik durchzusetzen. Dadurch werden viele in Vergessenheit geratene musikalische Sch\u00e4tze erst heute wiederentdeckt und bieten eine F\u00fclle an \u201eneuen\u201c, klassischen Kompositionen, die gespielt, gesungen und geh\u00f6rt werden wollen. Der Ludwigsburger Kammerchor l\u00e4dt am Sonntag, den 14. Mai um 17 Uhr zu einem Konzert [&hellip;]<\/p>\n","protected":false},"author":19,"featured_media":0,"comment_status":"closed","ping_status":"open","sticky":false,"template":"","format":"standard","meta":{"footnotes":""},"categories":[1,8],"tags":[],"class_list":["post-5456","post","type-post","status-publish","format-standard","hentry","category-allgemein","category-gesamtkirche"],"_links":{"self":[{"href":"https:\/\/www.kath-kirche-lb.de\/st-thomas-und-johannes\/wp-json\/wp\/v2\/posts\/5456","targetHints":{"allow":["GET"]}}],"collection":[{"href":"https:\/\/www.kath-kirche-lb.de\/st-thomas-und-johannes\/wp-json\/wp\/v2\/posts"}],"about":[{"href":"https:\/\/www.kath-kirche-lb.de\/st-thomas-und-johannes\/wp-json\/wp\/v2\/types\/post"}],"author":[{"embeddable":true,"href":"https:\/\/www.kath-kirche-lb.de\/st-thomas-und-johannes\/wp-json\/wp\/v2\/users\/19"}],"replies":[{"embeddable":true,"href":"https:\/\/www.kath-kirche-lb.de\/st-thomas-und-johannes\/wp-json\/wp\/v2\/comments?post=5456"}],"version-history":[{"count":0,"href":"https:\/\/www.kath-kirche-lb.de\/st-thomas-und-johannes\/wp-json\/wp\/v2\/posts\/5456\/revisions"}],"wp:attachment":[{"href":"https:\/\/www.kath-kirche-lb.de\/st-thomas-und-johannes\/wp-json\/wp\/v2\/media?parent=5456"}],"wp:term":[{"taxonomy":"category","embeddable":true,"href":"https:\/\/www.kath-kirche-lb.de\/st-thomas-und-johannes\/wp-json\/wp\/v2\/categories?post=5456"},{"taxonomy":"post_tag","embeddable":true,"href":"https:\/\/www.kath-kirche-lb.de\/st-thomas-und-johannes\/wp-json\/wp\/v2\/tags?post=5456"}],"curies":[{"name":"wp","href":"https:\/\/api.w.org\/{rel}","templated":true}]}}