{"id":5461,"date":"2023-02-05T14:42:16","date_gmt":"2023-02-05T13:42:16","guid":{"rendered":"https:\/\/www.kath-kirche-lb.de\/dreieinigkeit\/?p=3737"},"modified":"2023-02-05T14:42:16","modified_gmt":"2023-02-05T13:42:16","slug":"aenderung-der-gottesdienstordnung-ab-1-februar-2023","status":"publish","type":"post","link":"https:\/\/www.kath-kirche-lb.de\/st-thomas-und-johannes\/2023\/02\/05\/aenderung-der-gottesdienstordnung-ab-1-februar-2023\/","title":{"rendered":"\u00c4nderung der Gottesdienstordnung ab sofort"},"content":{"rendered":"\n<p>Weil Vikar Michael Sch\u00f6nball uns verl\u00e4sst, m\u00fcssen wir die Gottesdienstordnung ab 1. Februar 2023 \u00e4ndern.<\/p>\n\n\n\n<p>Die neue Ordnung sieht wie folgt aus: Samstag 18.00 Uhr Thomas Morus\/St. Johann;<br>Sonntag:<br>8.45 Uhr St. Elisabeth;<br>9.30 Uhr Auferstehung Christi;<br>10.00 Uhr St. Thomas Morus\/St. Johann;<br>10.05 Uhr Dreieinigkeit;<br>11.00 Uhr St. Paulus;<br>11.30 Uhr St. Josef Hoheneck.<\/p>\n","protected":false},"excerpt":{"rendered":"<p>Weil Vikar Michael Sch\u00f6nball uns verl\u00e4sst, m\u00fcssen wir die Gottesdienstordnung ab 1. Februar 2023 \u00e4ndern. Die neue Ordnung sieht wie folgt aus: Samstag 18.00 Uhr Thomas Morus\/St. Johann;Sonntag:8.45 Uhr St. Elisabeth;9.30 Uhr Auferstehung Christi;10.00 Uhr St. Thomas Morus\/St. Johann;10.05 Uhr Dreieinigkeit;11.00 Uhr St. Paulus;11.30 Uhr St. Josef Hoheneck.<\/p>\n","protected":false},"author":19,"featured_media":0,"comment_status":"closed","ping_status":"open","sticky":false,"template":"","format":"standard","meta":{"footnotes":""},"categories":[1,8],"tags":[],"class_list":["post-5461","post","type-post","status-publish","format-standard","hentry","category-allgemein","category-gesamtkirche"],"_links":{"self":[{"href":"https:\/\/www.kath-kirche-lb.de\/st-thomas-und-johannes\/wp-json\/wp\/v2\/posts\/5461","targetHints":{"allow":["GET"]}}],"collection":[{"href":"https:\/\/www.kath-kirche-lb.de\/st-thomas-und-johannes\/wp-json\/wp\/v2\/posts"}],"about":[{"href":"https:\/\/www.kath-kirche-lb.de\/st-thomas-und-johannes\/wp-json\/wp\/v2\/types\/post"}],"author":[{"embeddable":true,"href":"https:\/\/www.kath-kirche-lb.de\/st-thomas-und-johannes\/wp-json\/wp\/v2\/users\/19"}],"replies":[{"embeddable":true,"href":"https:\/\/www.kath-kirche-lb.de\/st-thomas-und-johannes\/wp-json\/wp\/v2\/comments?post=5461"}],"version-history":[{"count":0,"href":"https:\/\/www.kath-kirche-lb.de\/st-thomas-und-johannes\/wp-json\/wp\/v2\/posts\/5461\/revisions"}],"wp:attachment":[{"href":"https:\/\/www.kath-kirche-lb.de\/st-thomas-und-johannes\/wp-json\/wp\/v2\/media?parent=5461"}],"wp:term":[{"taxonomy":"category","embeddable":true,"href":"https:\/\/www.kath-kirche-lb.de\/st-thomas-und-johannes\/wp-json\/wp\/v2\/categories?post=5461"},{"taxonomy":"post_tag","embeddable":true,"href":"https:\/\/www.kath-kirche-lb.de\/st-thomas-und-johannes\/wp-json\/wp\/v2\/tags?post=5461"}],"curies":[{"name":"wp","href":"https:\/\/api.w.org\/{rel}","templated":true}]}}