{"id":5463,"date":"2023-02-05T14:27:30","date_gmt":"2023-02-05T13:27:30","guid":{"rendered":"https:\/\/www.kath-kirche-lb.de\/dreieinigkeit\/?p=3728"},"modified":"2023-02-05T14:27:30","modified_gmt":"2023-02-05T13:27:30","slug":"kindermusical-unterwegs-in-ein-neues-land","status":"publish","type":"post","link":"https:\/\/www.kath-kirche-lb.de\/st-thomas-und-johannes\/2023\/02\/05\/kindermusical-unterwegs-in-ein-neues-land\/","title":{"rendered":"Kindermusical: Unterwegs in ein neues Land"},"content":{"rendered":"\n<p>Das Volk Israel wird von Mose, dem Gott im Dornbusch erschienen ist, aus \u00c4gypten befreit und durchs Rote Meer gef\u00fchrt. Bald macht sich Unzufriedenheit unter den Israeliten breit, denn es ist nicht immer leicht, mit der neuen Freiheit klarzukommen &#8211; sie errichten ein Goldenes Kalb&#8230;Spannende und humorvolle Dialoge, die manchmal auch in kritischer Weise den Bogen zur heutigen Zeit spannen, interessante, schwungvolle, aber auch nachdenkliche Lieder und ein Tanz um das goldene Kalb: sehr vielf\u00e4ltig pr\u00e4sentiert sich das neue Kindermusical des D\u00fcsseldorfer Kantorenkonvents, zu welchem der Kinderchor der Dreieinigkeitsgemeinde alle Kinder, die gerne Singen, zum Mitsingen einl\u00e4dt. Die Proben finden mittwochs im Haus der katholischen Kirche statt. Die Uhrzeiten finden Sie auf der Homepage <a href=\"http:\/\/www.cantores-trinitatis-ludwigbsurg.de\/\">www.cantores-trinitatis-ludwigbsurg.de<\/a> Die Auff\u00fchrungen finden im Juli statt. Anmeldung bei Susanne Obert 07141 1411631 oder s.obert@kath-kirche-lb.de<\/p>\n","protected":false},"excerpt":{"rendered":"<p>Das Volk Israel wird von Mose, dem Gott im Dornbusch erschienen ist, aus \u00c4gypten befreit und durchs Rote Meer gef\u00fchrt. Bald macht sich Unzufriedenheit unter den Israeliten breit, denn es ist nicht immer leicht, mit der neuen Freiheit klarzukommen &#8211; sie errichten ein Goldenes Kalb&#8230;Spannende und humorvolle Dialoge, die manchmal auch in kritischer Weise den [&hellip;]<\/p>\n","protected":false},"author":19,"featured_media":0,"comment_status":"closed","ping_status":"open","sticky":false,"template":"","format":"standard","meta":{"footnotes":""},"categories":[8],"tags":[],"class_list":["post-5463","post","type-post","status-publish","format-standard","hentry","category-gesamtkirche"],"_links":{"self":[{"href":"https:\/\/www.kath-kirche-lb.de\/st-thomas-und-johannes\/wp-json\/wp\/v2\/posts\/5463","targetHints":{"allow":["GET"]}}],"collection":[{"href":"https:\/\/www.kath-kirche-lb.de\/st-thomas-und-johannes\/wp-json\/wp\/v2\/posts"}],"about":[{"href":"https:\/\/www.kath-kirche-lb.de\/st-thomas-und-johannes\/wp-json\/wp\/v2\/types\/post"}],"author":[{"embeddable":true,"href":"https:\/\/www.kath-kirche-lb.de\/st-thomas-und-johannes\/wp-json\/wp\/v2\/users\/19"}],"replies":[{"embeddable":true,"href":"https:\/\/www.kath-kirche-lb.de\/st-thomas-und-johannes\/wp-json\/wp\/v2\/comments?post=5463"}],"version-history":[{"count":0,"href":"https:\/\/www.kath-kirche-lb.de\/st-thomas-und-johannes\/wp-json\/wp\/v2\/posts\/5463\/revisions"}],"wp:attachment":[{"href":"https:\/\/www.kath-kirche-lb.de\/st-thomas-und-johannes\/wp-json\/wp\/v2\/media?parent=5463"}],"wp:term":[{"taxonomy":"category","embeddable":true,"href":"https:\/\/www.kath-kirche-lb.de\/st-thomas-und-johannes\/wp-json\/wp\/v2\/categories?post=5463"},{"taxonomy":"post_tag","embeddable":true,"href":"https:\/\/www.kath-kirche-lb.de\/st-thomas-und-johannes\/wp-json\/wp\/v2\/tags?post=5463"}],"curies":[{"name":"wp","href":"https:\/\/api.w.org\/{rel}","templated":true}]}}