{"id":5482,"date":"2022-12-22T10:14:14","date_gmt":"2022-12-22T10:14:14","guid":{"rendered":"https:\/\/www.kath-kirche-lb.de\/?p=18958"},"modified":"2022-12-22T10:14:14","modified_gmt":"2022-12-22T10:14:14","slug":"die-sternsinger-suchen-offene-tueren","status":"publish","type":"post","link":"https:\/\/www.kath-kirche-lb.de\/st-thomas-und-johannes\/2022\/12\/22\/die-sternsinger-suchen-offene-tueren\/","title":{"rendered":"Auferstehung Christi Neckarweihingen              Die Sternsinger suchen offene T\u00fcren!"},"content":{"rendered":"\n<p><\/p>\n\n\n\n<p><\/p>\n\n\n\n<p>Worum geht\u2019s? &#8211; \u201eKinder f\u00fcr Kinder\u201c, das ist unser Motto. Unsere Sternsinger setzen sich f\u00fcr Kinder in Not ein und sagen den Segen Gottes f\u00fcrs neue Jahr weiter. 2023 ganz besonders f\u00fcr Kinder in Indonesien. Hier gilt es die Kinderrechte zu st\u00e4rken und Kinder vor Gewalt, Ausbeutung und sexuellem Missbrauch zu sch\u00fctzen. Ihre Spenden gehen verl\u00e4sslich an Vereine und Organisationen, die sich praktisch f\u00fcr das Kindeswohl vor Ort einsetzen, in aller Welt, tagt\u00e4glich.<\/p>\n\n\n\n<p>Falls Sie bisher nicht von den Sternsingern besucht wurden, lassen Sie uns bitte ihre Postanschrift zukommen. Per Mail an <a href=\"mailto:Auferstehungchristi.neckarweihingen@drs.de\">Auferstehungchristi.neckarweihingen@drs.de<\/a> , oder via Pfarrb\u00fcro in den Land\u00e4ckerstra\u00dfe 13.- Wir kommen gerne vorbei!<\/p>\n\n\n\n<p>(Coronahinweis: Wir singen mit Abstand, in der Regel an der Wohnungst\u00fcre<\/p>\n\n\n\n<p>Wir besuchen&#8230;<\/p>\n\n\n\n<p><strong>Am <\/strong><a href=\"tel:030123\"><strong><u>03.01.23<\/u><\/strong><\/a><strong>:<\/strong> Neckarhalde, Hurt\u00e4cker, Hauptstra\u00dfe, Sudetenring, Stein\u00e4ckerstra\u00dfe, Hermann-Wi\u00dfmann-Stra\u00dfe, Br\u00fcckenstra\u00dfe, Birklenstra\u00dfe, Friedrich-Keller-Stra\u00dfe, Kr\u00e4merstra\u00dfe, F\u00e4hrstra\u00dfe, Tierg\u00e4rten, Carl-Diem-Stra\u00dfe, Vorschnittstra\u00dfe, Spitz\u00e4cker, Helfensteiner Stra\u00dfe, Weinbergblick, Immanuel-Dornfeld-Stra\u00dfe<\/p>\n\n\n\n<p><strong>Am <\/strong><a href=\"tel:040123\"><strong><u>04.01.23<\/u><\/strong><\/a><strong>:<\/strong> Hermann-Hesse-Stra\u00dfe, Lenauweg, Isolde-Kurz-Weg, Scheffelstra\u00dfe, Wielandweg, Lechtstra\u00dfe, Gr\u00e4terstra\u00dfe, Carl-Zeiss-Stra\u00dfe, Grundweinberge, Max-Eyth-Stra\u00dfe, Sankt-Urban-Weg, Theodor-Heuss-Stra\u00dfe, Neckartalstra\u00dfe, Pfarrstra\u00dfe, Laurentiusstra\u00dfe, Theodor-Storm-Stra\u00dfe, Thomas-Mann-Stra\u00dfe, Rilkestra\u00dfe, Wilhelm-Busch-Weg, Buchnerstra\u00dfe, Austra\u00dfe, K\u00e4stnerstra\u00dfe, Gerokstra\u00dfe, Heinrich-Heine-Stra\u00dfe, Johann-Peter-Hebel-Stra\u00dfe<\/p>\n\n\n\n<p><strong>Am <u>05.01.23<\/u>:<\/strong> Neue Stra\u00dfe, H\u00e4slenweg, Kindergartenweg, Sonnenhalde, Beuzlen, Leuschnerstra\u00dfe, Dietrich-Bonhoeffer-Weg, Unter dem Hohen Rain, Asternweg, Feldbergweg, Burgenlandstra\u00dfe, Faldernstra\u00dfe, Gladiolenweg, Nelkenweg, Land\u00e4ckerstra\u00dfe, Schwarzwaldstra\u00dfe, Belchenweg, Dobelweg, Kniebisweg, Schauinsland, Hohenrainstra\u00dfe, Erwin-Rommel-Stra\u00dfe, Stauffenbergstra\u00dfe, Bergstra\u00dfe, Lembergstra\u00dfe, Kreisauer Weg, Panoramaweg, Burgertstra\u00dfe, Steinmauerweg<\/p>\n\n\n\n<p>Zwischen 15.30 Uhr und 19 Uhr<\/p>\n\n\n\n<p>Ihr,<\/p>\n\n\n\n<p><em>Sternsingerteam-Neckarweihingen<\/em><\/p>\n","protected":false},"excerpt":{"rendered":"<p>Worum geht\u2019s? &#8211; \u201eKinder f\u00fcr Kinder\u201c, das ist unser Motto. Unsere Sternsinger setzen sich f\u00fcr Kinder in Not ein und sagen den Segen Gottes f\u00fcrs neue Jahr weiter. 2023 ganz besonders f\u00fcr Kinder in Indonesien. Hier gilt es die Kinderrechte zu st\u00e4rken und Kinder vor Gewalt, Ausbeutung und sexuellem Missbrauch zu sch\u00fctzen. Ihre Spenden gehen [&hellip;]<\/p>\n","protected":false},"author":14,"featured_media":0,"comment_status":"closed","ping_status":"open","sticky":false,"template":"","format":"standard","meta":{"footnotes":""},"categories":[1],"tags":[],"class_list":["post-5482","post","type-post","status-publish","format-standard","hentry","category-allgemein"],"_links":{"self":[{"href":"https:\/\/www.kath-kirche-lb.de\/st-thomas-und-johannes\/wp-json\/wp\/v2\/posts\/5482","targetHints":{"allow":["GET"]}}],"collection":[{"href":"https:\/\/www.kath-kirche-lb.de\/st-thomas-und-johannes\/wp-json\/wp\/v2\/posts"}],"about":[{"href":"https:\/\/www.kath-kirche-lb.de\/st-thomas-und-johannes\/wp-json\/wp\/v2\/types\/post"}],"author":[{"embeddable":true,"href":"https:\/\/www.kath-kirche-lb.de\/st-thomas-und-johannes\/wp-json\/wp\/v2\/users\/14"}],"replies":[{"embeddable":true,"href":"https:\/\/www.kath-kirche-lb.de\/st-thomas-und-johannes\/wp-json\/wp\/v2\/comments?post=5482"}],"version-history":[{"count":0,"href":"https:\/\/www.kath-kirche-lb.de\/st-thomas-und-johannes\/wp-json\/wp\/v2\/posts\/5482\/revisions"}],"wp:attachment":[{"href":"https:\/\/www.kath-kirche-lb.de\/st-thomas-und-johannes\/wp-json\/wp\/v2\/media?parent=5482"}],"wp:term":[{"taxonomy":"category","embeddable":true,"href":"https:\/\/www.kath-kirche-lb.de\/st-thomas-und-johannes\/wp-json\/wp\/v2\/categories?post=5482"},{"taxonomy":"post_tag","embeddable":true,"href":"https:\/\/www.kath-kirche-lb.de\/st-thomas-und-johannes\/wp-json\/wp\/v2\/tags?post=5482"}],"curies":[{"name":"wp","href":"https:\/\/api.w.org\/{rel}","templated":true}]}}