{"id":5522,"date":"2022-11-16T16:51:03","date_gmt":"2022-11-16T15:51:03","guid":{"rendered":"https:\/\/www.kath-kirche-lb.de\/dreieinigkeit\/?p=3426"},"modified":"2022-11-16T16:51:03","modified_gmt":"2022-11-16T15:51:03","slug":"auftakt-adventskonzert-am-27-11","status":"publish","type":"post","link":"https:\/\/www.kath-kirche-lb.de\/st-thomas-und-johannes\/2022\/11\/16\/auftakt-adventskonzert-am-27-11\/","title":{"rendered":"Auftakt! Adventskonzert am 27.11."},"content":{"rendered":"\n<p>Um 17 Uhr findet ein Konzert mit dem Ludwigsburger Kammerchor und Orchester in der Dreieinigkeitskirche statt. Der Kammerchor singt u.a. von Antonio Vivaldi das \u201eMagnificat\u201c und von Dietrich Buxtehude die Kantate \u201eIhr lieben Christen, freut euch nun\u201c. Au\u00dferdem im Programm ist das Konzert f\u00fcr 2 Trompeten von Vivaldi mit Florian Schiessler und Daniel M\u00fcller an den Trompeten. Der Eintritt zu diesem Konzert ist frei. Spenden zugunsten der Kirchenrenovierung werden erbeten.<\/p>\n\n\n\n<figure class=\"wp-block-image size-full is-resized\"><img loading=\"lazy\" decoding=\"async\" src=\"https:\/\/www.kath-kirche-lb.de\/dreieinigkeit\/wp-content\/uploads\/sites\/4\/2022\/11\/grafik-7.png\" alt=\"\" class=\"wp-image-3428\" width=\"275\" height=\"391\" \/><\/figure>\n","protected":false},"excerpt":{"rendered":"<p>Um 17 Uhr findet ein Konzert mit dem Ludwigsburger Kammerchor und Orchester in der Dreieinigkeitskirche statt. Der Kammerchor singt u.a. von Antonio Vivaldi das \u201eMagnificat\u201c und von Dietrich Buxtehude die Kantate \u201eIhr lieben Christen, freut euch nun\u201c. Au\u00dferdem im Programm ist das Konzert f\u00fcr 2 Trompeten von Vivaldi mit Florian Schiessler und Daniel M\u00fcller an [&hellip;]<\/p>\n","protected":false},"author":19,"featured_media":0,"comment_status":"closed","ping_status":"open","sticky":false,"template":"","format":"standard","meta":{"footnotes":""},"categories":[8],"tags":[],"class_list":["post-5522","post","type-post","status-publish","format-standard","hentry","category-gesamtkirche"],"_links":{"self":[{"href":"https:\/\/www.kath-kirche-lb.de\/st-thomas-und-johannes\/wp-json\/wp\/v2\/posts\/5522","targetHints":{"allow":["GET"]}}],"collection":[{"href":"https:\/\/www.kath-kirche-lb.de\/st-thomas-und-johannes\/wp-json\/wp\/v2\/posts"}],"about":[{"href":"https:\/\/www.kath-kirche-lb.de\/st-thomas-und-johannes\/wp-json\/wp\/v2\/types\/post"}],"author":[{"embeddable":true,"href":"https:\/\/www.kath-kirche-lb.de\/st-thomas-und-johannes\/wp-json\/wp\/v2\/users\/19"}],"replies":[{"embeddable":true,"href":"https:\/\/www.kath-kirche-lb.de\/st-thomas-und-johannes\/wp-json\/wp\/v2\/comments?post=5522"}],"version-history":[{"count":0,"href":"https:\/\/www.kath-kirche-lb.de\/st-thomas-und-johannes\/wp-json\/wp\/v2\/posts\/5522\/revisions"}],"wp:attachment":[{"href":"https:\/\/www.kath-kirche-lb.de\/st-thomas-und-johannes\/wp-json\/wp\/v2\/media?parent=5522"}],"wp:term":[{"taxonomy":"category","embeddable":true,"href":"https:\/\/www.kath-kirche-lb.de\/st-thomas-und-johannes\/wp-json\/wp\/v2\/categories?post=5522"},{"taxonomy":"post_tag","embeddable":true,"href":"https:\/\/www.kath-kirche-lb.de\/st-thomas-und-johannes\/wp-json\/wp\/v2\/tags?post=5522"}],"curies":[{"name":"wp","href":"https:\/\/api.w.org\/{rel}","templated":true}]}}