{"id":5524,"date":"2022-11-07T11:16:00","date_gmt":"2022-11-07T11:16:00","guid":{"rendered":"https:\/\/www.kath-kirche-lb.de\/?p=18644"},"modified":"2022-11-07T11:16:00","modified_gmt":"2022-11-07T11:16:00","slug":"4-12-2022-wir-feiern-jubilaeum-50-jahre","status":"publish","type":"post","link":"https:\/\/www.kath-kirche-lb.de\/st-thomas-und-johannes\/2022\/11\/07\/4-12-2022-wir-feiern-jubilaeum-50-jahre\/","title":{"rendered":"4.12.2022 &#8211; Wir feiern Jubil\u00e4um &#8211; 50 Jahre"},"content":{"rendered":"\n<p><strong>Liebe Kinder, Liebe Familien, Liebe Gemeinde,<\/strong><\/p>\n\n\n\n<p>wir feiern am Sonntag 4. 12. 2022, 50 Jahre Kirche Auferstehung Christi in Neckarweihingen. Mit einem Festgottesdienst und parallel Kindergottesdienst beginnen wir um 10.30 Uhr in der Kirche, anschlie\u00dfend gibt es ab 12 Uhr Mittagessen, danach eine Bildershow.<\/p>\n\n\n\n<p>Etwas sp\u00e4ter, gegen 13.30 Uhr, kommt Clown Kampino in den Speisesaal des Kindergartens. Unten k\u00f6nnt ihr ihn sehen. Er hat ein buntes 45 min Programm f\u00fcr Euch vorbereitet. Anschlie\u00dfend kommt der Nikolaus. Lasst Euch das nicht entgehen, es wird zauberhaft.<\/p>\n\n\n\n<p>Euer,<\/p>\n\n\n\n<p>KGR mit Michael Schmid<\/p>\n\n\n\n<figure class=\"wp-block-gallery has-nested-images columns-default is-cropped wp-block-gallery-1 is-layout-flex wp-block-gallery-is-layout-flex\">\n<figure class=\"wp-block-image size-large\"><img decoding=\"async\" data-id=\"18645\" src=\"https:\/\/www.kath-kirche-lb.de\/wp-content\/uploads\/2022\/11\/Kampino-1-683x1024.jpg\" alt=\"\" class=\"wp-image-18645\" \/><\/figure>\n<\/figure>\n\n\n\n<p><\/p>\n","protected":false},"excerpt":{"rendered":"<p>Liebe Kinder, Liebe Familien, Liebe Gemeinde, wir feiern am Sonntag 4. 12. 2022, 50 Jahre Kirche Auferstehung Christi in Neckarweihingen. Mit einem Festgottesdienst und parallel Kindergottesdienst beginnen wir um 10.30 Uhr in der Kirche, anschlie\u00dfend gibt es ab 12 Uhr Mittagessen, danach eine Bildershow. Etwas sp\u00e4ter, gegen 13.30 Uhr, kommt Clown Kampino in den Speisesaal [&hellip;]<\/p>\n","protected":false},"author":14,"featured_media":0,"comment_status":"closed","ping_status":"open","sticky":false,"template":"","format":"standard","meta":{"footnotes":""},"categories":[1],"tags":[],"class_list":["post-5524","post","type-post","status-publish","format-standard","hentry","category-allgemein"],"_links":{"self":[{"href":"https:\/\/www.kath-kirche-lb.de\/st-thomas-und-johannes\/wp-json\/wp\/v2\/posts\/5524","targetHints":{"allow":["GET"]}}],"collection":[{"href":"https:\/\/www.kath-kirche-lb.de\/st-thomas-und-johannes\/wp-json\/wp\/v2\/posts"}],"about":[{"href":"https:\/\/www.kath-kirche-lb.de\/st-thomas-und-johannes\/wp-json\/wp\/v2\/types\/post"}],"author":[{"embeddable":true,"href":"https:\/\/www.kath-kirche-lb.de\/st-thomas-und-johannes\/wp-json\/wp\/v2\/users\/14"}],"replies":[{"embeddable":true,"href":"https:\/\/www.kath-kirche-lb.de\/st-thomas-und-johannes\/wp-json\/wp\/v2\/comments?post=5524"}],"version-history":[{"count":0,"href":"https:\/\/www.kath-kirche-lb.de\/st-thomas-und-johannes\/wp-json\/wp\/v2\/posts\/5524\/revisions"}],"wp:attachment":[{"href":"https:\/\/www.kath-kirche-lb.de\/st-thomas-und-johannes\/wp-json\/wp\/v2\/media?parent=5524"}],"wp:term":[{"taxonomy":"category","embeddable":true,"href":"https:\/\/www.kath-kirche-lb.de\/st-thomas-und-johannes\/wp-json\/wp\/v2\/categories?post=5524"},{"taxonomy":"post_tag","embeddable":true,"href":"https:\/\/www.kath-kirche-lb.de\/st-thomas-und-johannes\/wp-json\/wp\/v2\/tags?post=5524"}],"curies":[{"name":"wp","href":"https:\/\/api.w.org\/{rel}","templated":true}]}}