{"id":5525,"date":"2022-10-31T11:07:14","date_gmt":"2022-10-31T11:07:14","guid":{"rendered":"https:\/\/www.kath-kirche-lb.de\/?p=18642"},"modified":"2022-10-31T11:07:14","modified_gmt":"2022-10-31T11:07:14","slug":"weshalb-wir-weihnachten-feiern-krippenspiel","status":"publish","type":"post","link":"https:\/\/www.kath-kirche-lb.de\/st-thomas-und-johannes\/2022\/10\/31\/weshalb-wir-weihnachten-feiern-krippenspiel\/","title":{"rendered":"<strong>Weshalb wir Weihnachten feiern! &#8211; Krippenspiel<\/strong>"},"content":{"rendered":"\n<p>Unser \u00f6kumenisches Krippenspiel-Team sucht Kinder f\u00fcr unser St\u00fcck \u201eWeshalb wir Weihnachten feiern!\u201c. Interesse, dann komm am 1. 12., 16.30 Uhr in die Kirche Auferstehung Christi in der Land\u00e4ckerstr. 13 zur Rollenverteilung. Wir proben 4x. Am 24. 12., 16 Uhr f\u00fchren wir das St\u00fcck auf dem Supermarktparkplatz auf. Bei Interesse k\u00f6nnen sie mir gerne eine E-Mail zusenden: <a href=\"mailto:michael.schmid@drs.de\">michael.schmid@drs.de<\/a><\/p>\n\n\n\n<p>Es gr\u00fc\u00dfen, Annedore, Dagmar und Michael<\/p>\n","protected":false},"excerpt":{"rendered":"<p>Unser \u00f6kumenisches Krippenspiel-Team sucht Kinder f\u00fcr unser St\u00fcck \u201eWeshalb wir Weihnachten feiern!\u201c. Interesse, dann komm am 1. 12., 16.30 Uhr in die Kirche Auferstehung Christi in der Land\u00e4ckerstr. 13 zur Rollenverteilung. Wir proben 4x. Am 24. 12., 16 Uhr f\u00fchren wir das St\u00fcck auf dem Supermarktparkplatz auf. Bei Interesse k\u00f6nnen sie mir gerne eine E-Mail [&hellip;]<\/p>\n","protected":false},"author":14,"featured_media":0,"comment_status":"closed","ping_status":"open","sticky":false,"template":"","format":"standard","meta":{"footnotes":""},"categories":[1],"tags":[],"class_list":["post-5525","post","type-post","status-publish","format-standard","hentry","category-allgemein"],"_links":{"self":[{"href":"https:\/\/www.kath-kirche-lb.de\/st-thomas-und-johannes\/wp-json\/wp\/v2\/posts\/5525","targetHints":{"allow":["GET"]}}],"collection":[{"href":"https:\/\/www.kath-kirche-lb.de\/st-thomas-und-johannes\/wp-json\/wp\/v2\/posts"}],"about":[{"href":"https:\/\/www.kath-kirche-lb.de\/st-thomas-und-johannes\/wp-json\/wp\/v2\/types\/post"}],"author":[{"embeddable":true,"href":"https:\/\/www.kath-kirche-lb.de\/st-thomas-und-johannes\/wp-json\/wp\/v2\/users\/14"}],"replies":[{"embeddable":true,"href":"https:\/\/www.kath-kirche-lb.de\/st-thomas-und-johannes\/wp-json\/wp\/v2\/comments?post=5525"}],"version-history":[{"count":0,"href":"https:\/\/www.kath-kirche-lb.de\/st-thomas-und-johannes\/wp-json\/wp\/v2\/posts\/5525\/revisions"}],"wp:attachment":[{"href":"https:\/\/www.kath-kirche-lb.de\/st-thomas-und-johannes\/wp-json\/wp\/v2\/media?parent=5525"}],"wp:term":[{"taxonomy":"category","embeddable":true,"href":"https:\/\/www.kath-kirche-lb.de\/st-thomas-und-johannes\/wp-json\/wp\/v2\/categories?post=5525"},{"taxonomy":"post_tag","embeddable":true,"href":"https:\/\/www.kath-kirche-lb.de\/st-thomas-und-johannes\/wp-json\/wp\/v2\/tags?post=5525"}],"curies":[{"name":"wp","href":"https:\/\/api.w.org\/{rel}","templated":true}]}}