{"id":5526,"date":"2022-10-31T10:55:04","date_gmt":"2022-10-31T10:55:04","guid":{"rendered":"https:\/\/www.kath-kirche-lb.de\/?p=18635"},"modified":"2022-10-31T10:55:04","modified_gmt":"2022-10-31T10:55:04","slug":"die-sternsinger-suchen-verstaerkung-und-offene-tueren","status":"publish","type":"post","link":"https:\/\/www.kath-kirche-lb.de\/st-thomas-und-johannes\/2022\/10\/31\/die-sternsinger-suchen-verstaerkung-und-offene-tueren\/","title":{"rendered":"Die Sternsinger suchen Verst\u00e4rkung und offene T\u00fcren [Neckarweihingen]"},"content":{"rendered":"\n<p><\/p>\n\n\n\n<p>Lust auf gutes Tun, S\u00fc\u00dfigkeiten und sich verkleiden, dann bist du beim Sternsingen richtig. Wir sammeln f\u00fcr Kinder in Not. Indonesien ist unser diesj\u00e4hriges Partnerland und das Motto lautet: Kinder sch\u00fctzen und Kinder st\u00e4rken.<\/p>\n\n\n\n<p>6. 12., 16-17 Uhr, 1. Probe im Kirchenkaffee, oder UG Kindergarten, Land\u00e4ckerstr. 13.<\/p>\n\n\n\n<p><em>Sie w\u00fcnschen einen Besuch der Sternsinger? <\/em><\/p>\n\n\n\n<p><em>Bitte melden sie sich auf unserem Pfarrb\u00fcro an. Tel. 07141- 53121, bzw. per Mail.<\/em> Auferstehungchristi.neckarweihingen@drs.de <\/p>\n","protected":false},"excerpt":{"rendered":"<p>Lust auf gutes Tun, S\u00fc\u00dfigkeiten und sich verkleiden, dann bist du beim Sternsingen richtig. Wir sammeln f\u00fcr Kinder in Not. Indonesien ist unser diesj\u00e4hriges Partnerland und das Motto lautet: Kinder sch\u00fctzen und Kinder st\u00e4rken. 6. 12., 16-17 Uhr, 1. Probe im Kirchenkaffee, oder UG Kindergarten, Land\u00e4ckerstr. 13. Sie w\u00fcnschen einen Besuch der Sternsinger? Bitte melden [&hellip;]<\/p>\n","protected":false},"author":14,"featured_media":5527,"comment_status":"closed","ping_status":"open","sticky":false,"template":"","format":"standard","meta":{"footnotes":""},"categories":[1],"tags":[],"class_list":["post-5526","post","type-post","status-publish","format-standard","has-post-thumbnail","hentry","category-allgemein"],"_links":{"self":[{"href":"https:\/\/www.kath-kirche-lb.de\/st-thomas-und-johannes\/wp-json\/wp\/v2\/posts\/5526","targetHints":{"allow":["GET"]}}],"collection":[{"href":"https:\/\/www.kath-kirche-lb.de\/st-thomas-und-johannes\/wp-json\/wp\/v2\/posts"}],"about":[{"href":"https:\/\/www.kath-kirche-lb.de\/st-thomas-und-johannes\/wp-json\/wp\/v2\/types\/post"}],"author":[{"embeddable":true,"href":"https:\/\/www.kath-kirche-lb.de\/st-thomas-und-johannes\/wp-json\/wp\/v2\/users\/14"}],"replies":[{"embeddable":true,"href":"https:\/\/www.kath-kirche-lb.de\/st-thomas-und-johannes\/wp-json\/wp\/v2\/comments?post=5526"}],"version-history":[{"count":0,"href":"https:\/\/www.kath-kirche-lb.de\/st-thomas-und-johannes\/wp-json\/wp\/v2\/posts\/5526\/revisions"}],"wp:featuredmedia":[{"embeddable":true,"href":"https:\/\/www.kath-kirche-lb.de\/st-thomas-und-johannes\/wp-json\/wp\/v2\/media\/5527"}],"wp:attachment":[{"href":"https:\/\/www.kath-kirche-lb.de\/st-thomas-und-johannes\/wp-json\/wp\/v2\/media?parent=5526"}],"wp:term":[{"taxonomy":"category","embeddable":true,"href":"https:\/\/www.kath-kirche-lb.de\/st-thomas-und-johannes\/wp-json\/wp\/v2\/categories?post=5526"},{"taxonomy":"post_tag","embeddable":true,"href":"https:\/\/www.kath-kirche-lb.de\/st-thomas-und-johannes\/wp-json\/wp\/v2\/tags?post=5526"}],"curies":[{"name":"wp","href":"https:\/\/api.w.org\/{rel}","templated":true}]}}