{"id":5528,"date":"2022-10-31T10:49:36","date_gmt":"2022-10-31T10:49:36","guid":{"rendered":"https:\/\/www.kath-kirche-lb.de\/?p=18633"},"modified":"2022-10-31T10:49:36","modified_gmt":"2022-10-31T10:49:36","slug":"einladung-zum-50jaehrigen-kirchweihjubilaeum-am-4-dezember-2022","status":"publish","type":"post","link":"https:\/\/www.kath-kirche-lb.de\/st-thomas-und-johannes\/2022\/10\/31\/einladung-zum-50jaehrigen-kirchweihjubilaeum-am-4-dezember-2022\/","title":{"rendered":"<strong>Einladung zum 50j\u00e4hrigen Kirchweihjubil\u00e4um am 4. Dezember 2022<\/strong>"},"content":{"rendered":"\n<p>Am zweiten Advent kann unsere Kirchengemeinde ein besonderes Jubil\u00e4um begehen. 50 Jahre ist es her, seit die Kirche Auferstehung Christi geweiht und f\u00fcr die Gemeinde Mittelpunkt und Heimat wurde. F\u00fcr uns ein besonderes Ereignis, das wir zusammen feiern m\u00f6chten. Wir laden Sie daher bereits heute zum Festgottesdienst um 10.30 Uhr ein, den wir gemeinsam mit der portugiesischen Gemeinde feiern. Musikalisch wird er vom Projektchor mitgestaltet.&nbsp;<\/p>\n\n\n\n<p>Im Anschluss an den Gottesdienst sind sie alle ganz herzlich zum Mittagessen und zum Nachmittagskaffee ins Gemeindezentrum eingeladen. Wir freuen uns, wenn Sie dazu einen Kuchen oder etwas anderes Selbstgebackenes beisteuern k\u00f6nnen und bedanken uns bereits heute.<\/p>\n\n\n\n<p>F\u00fcr den Nachmittag hat auch der Nikolaus seinen Besuch angek\u00fcndigt, worauf wir uns ganz besonders freuen. Er m\u00f6chte uns alle mit einem besonderen Geschenk \u00fcberraschen. In einem bunten Bilderreigen m\u00f6chten wir dabei die vergangenen 50 Jahre in den Blick nehmen. Nach dem Besuch des Nikolaus gibt es dann f\u00fcr die Kinder mit Clown Kampino zum Abschuss einen weiteren H\u00f6hepunkt.<\/p>\n\n\n\n<p>Wir hoffen nat\u00fcrlich, dass wir das Fest wie geplant feiern k\u00f6nnen und die steigenden Coronazahlen dies nicht verhindern.<\/p>\n\n\n\n<p>Festausschuss<\/p>\n","protected":false},"excerpt":{"rendered":"<p>Am zweiten Advent kann unsere Kirchengemeinde ein besonderes Jubil\u00e4um begehen. 50 Jahre ist es her, seit die Kirche Auferstehung Christi geweiht und f\u00fcr die Gemeinde Mittelpunkt und Heimat wurde. F\u00fcr uns ein besonderes Ereignis, das wir zusammen feiern m\u00f6chten. Wir laden Sie daher bereits heute zum Festgottesdienst um 10.30 Uhr ein, den wir gemeinsam mit [&hellip;]<\/p>\n","protected":false},"author":14,"featured_media":0,"comment_status":"closed","ping_status":"open","sticky":false,"template":"","format":"standard","meta":{"footnotes":""},"categories":[1],"tags":[],"class_list":["post-5528","post","type-post","status-publish","format-standard","hentry","category-allgemein"],"_links":{"self":[{"href":"https:\/\/www.kath-kirche-lb.de\/st-thomas-und-johannes\/wp-json\/wp\/v2\/posts\/5528","targetHints":{"allow":["GET"]}}],"collection":[{"href":"https:\/\/www.kath-kirche-lb.de\/st-thomas-und-johannes\/wp-json\/wp\/v2\/posts"}],"about":[{"href":"https:\/\/www.kath-kirche-lb.de\/st-thomas-und-johannes\/wp-json\/wp\/v2\/types\/post"}],"author":[{"embeddable":true,"href":"https:\/\/www.kath-kirche-lb.de\/st-thomas-und-johannes\/wp-json\/wp\/v2\/users\/14"}],"replies":[{"embeddable":true,"href":"https:\/\/www.kath-kirche-lb.de\/st-thomas-und-johannes\/wp-json\/wp\/v2\/comments?post=5528"}],"version-history":[{"count":0,"href":"https:\/\/www.kath-kirche-lb.de\/st-thomas-und-johannes\/wp-json\/wp\/v2\/posts\/5528\/revisions"}],"wp:attachment":[{"href":"https:\/\/www.kath-kirche-lb.de\/st-thomas-und-johannes\/wp-json\/wp\/v2\/media?parent=5528"}],"wp:term":[{"taxonomy":"category","embeddable":true,"href":"https:\/\/www.kath-kirche-lb.de\/st-thomas-und-johannes\/wp-json\/wp\/v2\/categories?post=5528"},{"taxonomy":"post_tag","embeddable":true,"href":"https:\/\/www.kath-kirche-lb.de\/st-thomas-und-johannes\/wp-json\/wp\/v2\/tags?post=5528"}],"curies":[{"name":"wp","href":"https:\/\/api.w.org\/{rel}","templated":true}]}}