{"id":5530,"date":"2022-10-13T14:58:23","date_gmt":"2022-10-13T14:58:23","guid":{"rendered":"https:\/\/www.kath-kirche-lb.de\/?p=18543"},"modified":"2022-10-13T14:58:23","modified_gmt":"2022-10-13T14:58:23","slug":"sonnengesangdes-heiligen-franz-von-assisi","status":"publish","type":"post","link":"https:\/\/www.kath-kirche-lb.de\/st-thomas-und-johannes\/2022\/10\/13\/sonnengesangdes-heiligen-franz-von-assisi\/","title":{"rendered":"SONNENGESANG des heiligen Franz von Assisi"},"content":{"rendered":"\n<p>Am 4. Oktober war der Gedenktag des heiligen Franz von Assisi. Als er fast v\u00f6llig<br>erblindet war, hat er den Sonnengesang gedichtet: Einen Lobpreis auf Gott f\u00fcr die<br>Sch\u00f6pfung. Einfach auf einen Spaziergang in die herbstliche Natur mitnehmen<br>und beten, vielleicht sogar eigene Strophen dazudichten \u2013 eine sch\u00f6ne Art, Gott<br>\u201eDanke\u201c sagen f\u00fcr alles Sch\u00f6ne, was er uns schenkt.<\/p>\n\n\n\n<p>H\u00f6chster, allm\u00e4chtiger und guter Herr<br>Dein sind der Lobpreis, die Herrlichkeit und Ehr.<br>Lobet und preiset den Herrn in Dankbarkeit<br>Und dienet ihm mit gro\u00dfer Demut.<br><br>Herr, sei gelobt durch Bruder Sonne,<br>er ist der Tag, der leuchtet f\u00fcr und f\u00fcr.<br>Er ist dein Glanz und Ebenbild, o Herr.<br><br>Herr sei gelobt durch unsre Schwester Mond<br>und durch die Sterne, die du gebildet hast.<br>Sie sind so hell, so kostbar und so sch\u00f6n.<br><br>Herr, sei gelobt durch unsren Bruder Wind,<br>durch Luft und Wolken und jeglich Wetter.<br>Dein Odem weht dort, wo es ihm gef\u00e4llt.<br><br>Herr, sei gelobt durch Schwester Wasser,<br>sie ist gar n\u00fctzlich, demutsvoll und keusch.<br>Sie l\u00f6scht den Durst, wenn wir erm\u00fcdet sind.<br><\/p>\n\n\n\n<p>Herr, sei gelobt durch Bruder Feuer,<br>der uns erleuchtet die Dunkelheit und Nacht.<br>Er ist so sch\u00f6n, gar kraftvoll und auch stark.<br><br>Herr, sei gelobt durch Mutter Erde,<br>die uns ern\u00e4hrt, erh\u00e4lt und Fr\u00fcchte tr\u00e4gt.<br>Die auch geschm\u00fcckt durch Blumen und<br>Gestr\u00e4uch.<br><br>Herr, sei gelobt durch jene, die verzeihen,<br>und die ertragen Schwachheit, Leid und Qual.<br>Von dir, du H\u00f6chster, werden sie gekr\u00f6nt.<br><br>Herr, sei gelobt durch unsren Bruder Tod,<br>dem kein Mensch lebend je entrinnen kann.<br>Der zweite Tod tut uns kein Leide an.<\/p>\n","protected":false},"excerpt":{"rendered":"<p>Am 4. Oktober war der Gedenktag des heiligen Franz von Assisi. Als er fast v\u00f6lligerblindet war, hat er den Sonnengesang gedichtet: Einen Lobpreis auf Gott f\u00fcr dieSch\u00f6pfung. Einfach auf einen Spaziergang in die herbstliche Natur mitnehmenund beten, vielleicht sogar eigene Strophen dazudichten \u2013 eine sch\u00f6ne Art, Gott\u201eDanke\u201c sagen f\u00fcr alles Sch\u00f6ne, was er uns schenkt. [&hellip;]<\/p>\n","protected":false},"author":19,"featured_media":0,"comment_status":"closed","ping_status":"open","sticky":false,"template":"","format":"standard","meta":{"footnotes":""},"categories":[1008],"tags":[],"class_list":["post-5530","post","type-post","status-publish","format-standard","hentry","category-aktuelles"],"_links":{"self":[{"href":"https:\/\/www.kath-kirche-lb.de\/st-thomas-und-johannes\/wp-json\/wp\/v2\/posts\/5530","targetHints":{"allow":["GET"]}}],"collection":[{"href":"https:\/\/www.kath-kirche-lb.de\/st-thomas-und-johannes\/wp-json\/wp\/v2\/posts"}],"about":[{"href":"https:\/\/www.kath-kirche-lb.de\/st-thomas-und-johannes\/wp-json\/wp\/v2\/types\/post"}],"author":[{"embeddable":true,"href":"https:\/\/www.kath-kirche-lb.de\/st-thomas-und-johannes\/wp-json\/wp\/v2\/users\/19"}],"replies":[{"embeddable":true,"href":"https:\/\/www.kath-kirche-lb.de\/st-thomas-und-johannes\/wp-json\/wp\/v2\/comments?post=5530"}],"version-history":[{"count":0,"href":"https:\/\/www.kath-kirche-lb.de\/st-thomas-und-johannes\/wp-json\/wp\/v2\/posts\/5530\/revisions"}],"wp:attachment":[{"href":"https:\/\/www.kath-kirche-lb.de\/st-thomas-und-johannes\/wp-json\/wp\/v2\/media?parent=5530"}],"wp:term":[{"taxonomy":"category","embeddable":true,"href":"https:\/\/www.kath-kirche-lb.de\/st-thomas-und-johannes\/wp-json\/wp\/v2\/categories?post=5530"},{"taxonomy":"post_tag","embeddable":true,"href":"https:\/\/www.kath-kirche-lb.de\/st-thomas-und-johannes\/wp-json\/wp\/v2\/tags?post=5530"}],"curies":[{"name":"wp","href":"https:\/\/api.w.org\/{rel}","templated":true}]}}