{"id":5539,"date":"2022-05-18T17:33:55","date_gmt":"2022-05-18T17:33:55","guid":{"rendered":"https:\/\/www.kath-kirche-lb.de\/?p=17899"},"modified":"2022-05-18T17:33:55","modified_gmt":"2022-05-18T17:33:55","slug":"gastfamilie-gesucht-fuer-bfd-bundes-freiwilligendienst","status":"publish","type":"post","link":"https:\/\/www.kath-kirche-lb.de\/st-thomas-und-johannes\/2022\/05\/18\/gastfamilie-gesucht-fuer-bfd-bundes-freiwilligendienst\/","title":{"rendered":"Gastfamilie gesucht! \u2013 F\u00fcr BFD (Bundes-Freiwilligendienst)"},"content":{"rendered":"\n<p>Von Oktober 2022 bis August 2023 wird&nbsp;<strong>Emmanuel, 27&nbsp;<\/strong>Jahre aus Huitepec, Oaxaca (Mexiko) einen&nbsp;<strong>Reverse-Freiwilligendienst (BFD)<\/strong>&nbsp;bei uns in Ludwigsburg machen.<\/p>\n\n\n\n<p>Emmanuel wird seine Arbeitsstelle am Friedrich-Schiller-Gymnasium Ludwigsburg haben. Dort wird er schwerpunktm\u00e4\u00dfig in der Ganztagsbetreuung t\u00e4tig sein und bei verschiedenen Aktionen und Projekten unterst\u00fctzen.<\/p>\n\n\n\n<p>In seiner Freizeit soll Emmanuel auch die Kinder- und Jugendarbeit in unseren Kirchengemeinden kennenlernen und m\u00f6glichst auch mit in die Gemeindearbeit einbezogen werden.<\/p>\n\n\n\n<p>Die Unterbringung von Emmanuel ist in zwei bis drei Gastfamilien geplant, und daf\u00fcr sind wir noch auf der Suche! Was braucht es?<\/p>\n\n\n\n<ul class=\"wp-block-list\"><li>Platz f\u00fcr eine Person, nach M\u00f6glichkeit ein eigenes Zimmer<\/li><li>Die Bereitschaft sowohl den Alltag, als auch die besonderen Momente mit einer (noch) fremden Person zu teilen!<\/li><\/ul>\n\n\n\n<p>Sprachkenntnisse und \u201erund um die Uhr Betreuung\u201c sind nicht notwendig!<\/p>\n\n\n\n<p>Emmanuel bekommt f\u00fcr seinen Dienst ein kleines Taschengeld, von dem er 40 \u20ac \/ Monat an die Gastfamilie weitergeben soll. Wir sind uns bewusst, dass dies nur ein symbolischer Beitrag sein kann. Sollte die finanzielle Belastung f\u00fcr die Familie zu hoch sein, k\u00f6nnen wir \u00fcber den BDKJ einen Antrag auf F\u00f6rderung stellen.<\/p>\n\n\n\n<p>Interessierte melden sich bitte bei Eva Sorg, Telefon 07141 3759474, Mail&nbsp;<a href=\"mailto:evasorg@posteo.de\">evasorg@posteo.de<\/a><\/p>\n\n\n\n<blockquote class=\"wp-block-quote is-layout-flow wp-block-quote-is-layout-flow\"><p>Der Weltkirchliche Friedensdienst \u2013 Mitleben \u2013 Mitbeten \u2013 Mitarbeiten\u2026<\/p><cite>\u2026 unter diesem Motto bieten der BDKJ und die Hauptabteilung Weltkirche jungen Menschen aus der Di\u00f6zese Rottenburg-Stuttgart die M\u00f6glichkeit, ein Jahr in Afrika, Lateinamerika oder Asien zu verbringen.<\/cite><\/blockquote>\n\n\n\n<blockquote class=\"wp-block-quote is-layout-flow wp-block-quote-is-layout-flow\"><p>Der Reverse-Weltkirchlicher Friedensdienst\u2026<\/p><p><\/p><cite>\u2026 gibt jungen Menschen aus unseren Partnerdi\u00f6zesen die M\u00f6glichkeit zu einem WFD in unserer Di\u00f6zese. Die Freiwilligen kommen aus Indien, Uganda, Mexiko, Argentinien, Peru, Brasilien und Bolivien.<\/cite><\/blockquote>\n\n\n\n<div data-wp-interactive=\"core\/file\" class=\"wp-block-file\"><object data-wp-bind--hidden=\"!state.hasPdfPreview\" hidden class=\"wp-block-file__embed\" data=\"https:\/\/www.kath-kirche-lb.de\/wp-content\/uploads\/2022\/05\/Presentacion.pdf\" type=\"application\/pdf\" style=\"width:100%;height:600px\" aria-label=\"Einbettung von Einbettung von Presentacion..\"><\/object><a id=\"wp-block-file--media-e834017c-0aed-4578-abfd-5a53fe8b4a84\" href=\"https:\/\/www.kath-kirche-lb.de\/wp-content\/uploads\/2022\/05\/Presentacion.pdf\">Presentacion<\/a><a href=\"https:\/\/www.kath-kirche-lb.de\/wp-content\/uploads\/2022\/05\/Presentacion.pdf\" class=\"wp-block-file__button\" download aria-describedby=\"wp-block-file--media-e834017c-0aed-4578-abfd-5a53fe8b4a84\">Herunterladen<\/a><\/div>\n","protected":false},"excerpt":{"rendered":"<p>Von Oktober 2022 bis August 2023 wird&nbsp;Emmanuel, 27&nbsp;Jahre aus Huitepec, Oaxaca (Mexiko) einen&nbsp;Reverse-Freiwilligendienst (BFD)&nbsp;bei uns in Ludwigsburg machen. Emmanuel wird seine Arbeitsstelle am Friedrich-Schiller-Gymnasium Ludwigsburg haben. Dort wird er schwerpunktm\u00e4\u00dfig in der Ganztagsbetreuung t\u00e4tig sein und bei verschiedenen Aktionen und Projekten unterst\u00fctzen. In seiner Freizeit soll Emmanuel auch die Kinder- und Jugendarbeit in unseren Kirchengemeinden [&hellip;]<\/p>\n","protected":false},"author":3,"featured_media":0,"comment_status":"closed","ping_status":"open","sticky":false,"template":"","format":"standard","meta":{"footnotes":""},"categories":[1008],"tags":[],"class_list":["post-5539","post","type-post","status-publish","format-standard","hentry","category-aktuelles"],"_links":{"self":[{"href":"https:\/\/www.kath-kirche-lb.de\/st-thomas-und-johannes\/wp-json\/wp\/v2\/posts\/5539","targetHints":{"allow":["GET"]}}],"collection":[{"href":"https:\/\/www.kath-kirche-lb.de\/st-thomas-und-johannes\/wp-json\/wp\/v2\/posts"}],"about":[{"href":"https:\/\/www.kath-kirche-lb.de\/st-thomas-und-johannes\/wp-json\/wp\/v2\/types\/post"}],"author":[{"embeddable":true,"href":"https:\/\/www.kath-kirche-lb.de\/st-thomas-und-johannes\/wp-json\/wp\/v2\/users\/3"}],"replies":[{"embeddable":true,"href":"https:\/\/www.kath-kirche-lb.de\/st-thomas-und-johannes\/wp-json\/wp\/v2\/comments?post=5539"}],"version-history":[{"count":0,"href":"https:\/\/www.kath-kirche-lb.de\/st-thomas-und-johannes\/wp-json\/wp\/v2\/posts\/5539\/revisions"}],"wp:attachment":[{"href":"https:\/\/www.kath-kirche-lb.de\/st-thomas-und-johannes\/wp-json\/wp\/v2\/media?parent=5539"}],"wp:term":[{"taxonomy":"category","embeddable":true,"href":"https:\/\/www.kath-kirche-lb.de\/st-thomas-und-johannes\/wp-json\/wp\/v2\/categories?post=5539"},{"taxonomy":"post_tag","embeddable":true,"href":"https:\/\/www.kath-kirche-lb.de\/st-thomas-und-johannes\/wp-json\/wp\/v2\/tags?post=5539"}],"curies":[{"name":"wp","href":"https:\/\/api.w.org\/{rel}","templated":true}]}}