{"id":5560,"date":"2022-03-04T11:35:26","date_gmt":"2022-03-04T11:35:26","guid":{"rendered":"https:\/\/www.kath-kirche-lb.de\/?p=17366"},"modified":"2022-03-04T11:35:26","modified_gmt":"2022-03-04T11:35:26","slug":"give-peace-a-chance","status":"publish","type":"post","link":"https:\/\/www.kath-kirche-lb.de\/st-thomas-und-johannes\/2022\/03\/04\/give-peace-a-chance\/","title":{"rendered":"give peace a chance"},"content":{"rendered":"\n<p>Liebe Damen und Herren, <\/p>\n\n\n\n<p>herzlich willkommen auf unserer Homepage. \u201eGive peace a chance\u201c (Gib dem Frieden eine Chance), singt John Lennon 1969 in einem Anti-Kriegs-Lied. Viele Radiosender haben es vor kurzem gleichzeitig gespielt \u2013 um in diesem Tagen ein h\u00f6rbares Zeichen der Solidarit\u00e4t und des Friedens zu setzen. \u201eRest in peace\u201c, geben wir unseren Verstorbenen oft mit auf den Weg \u2013 \u201eLive in peace\u201c, das w\u00fcnschen wir uns und allen Menschen, die gerade um Frieden und ihre Freiheit k\u00e4mpfen m\u00fcssen. Die Fastenzeit gibt uns Gelegenheit achtsam innezuhalten, uns ber\u00fchren zu lassen. Und wir bereiten uns vor auf das Osterfest das von Hoffnung und Auferstehung, vom Aufbruch zu neuem Leben erz\u00e4hlt. Wir w\u00fcnschen Ihnen, dass Sie diese Kraft in sich sp\u00fcren und so vielleicht selbst ein kleines \u201eFriedenszeichen\u201c sein k\u00f6nnen.<\/p>\n\n\n\n<p>Herzliche Gr\u00fc\u00dfe von Pfarrer Alois Krist, Leitender Pfarrer<\/p>\n","protected":false},"excerpt":{"rendered":"<p>Liebe Damen und Herren, herzlich willkommen auf unserer Homepage. \u201eGive peace a chance\u201c (Gib dem Frieden eine Chance), singt John Lennon 1969 in einem Anti-Kriegs-Lied. Viele Radiosender haben es vor kurzem gleichzeitig gespielt \u2013 um in diesem Tagen ein h\u00f6rbares Zeichen der Solidarit\u00e4t und des Friedens zu setzen. \u201eRest in peace\u201c, geben wir unseren Verstorbenen [&hellip;]<\/p>\n","protected":false},"author":20,"featured_media":0,"comment_status":"closed","ping_status":"open","sticky":false,"template":"","format":"standard","meta":{"footnotes":""},"categories":[4],"tags":[],"class_list":["post-5560","post","type-post","status-publish","format-standard","hentry","category-topthema"],"_links":{"self":[{"href":"https:\/\/www.kath-kirche-lb.de\/st-thomas-und-johannes\/wp-json\/wp\/v2\/posts\/5560","targetHints":{"allow":["GET"]}}],"collection":[{"href":"https:\/\/www.kath-kirche-lb.de\/st-thomas-und-johannes\/wp-json\/wp\/v2\/posts"}],"about":[{"href":"https:\/\/www.kath-kirche-lb.de\/st-thomas-und-johannes\/wp-json\/wp\/v2\/types\/post"}],"author":[{"embeddable":true,"href":"https:\/\/www.kath-kirche-lb.de\/st-thomas-und-johannes\/wp-json\/wp\/v2\/users\/20"}],"replies":[{"embeddable":true,"href":"https:\/\/www.kath-kirche-lb.de\/st-thomas-und-johannes\/wp-json\/wp\/v2\/comments?post=5560"}],"version-history":[{"count":0,"href":"https:\/\/www.kath-kirche-lb.de\/st-thomas-und-johannes\/wp-json\/wp\/v2\/posts\/5560\/revisions"}],"wp:attachment":[{"href":"https:\/\/www.kath-kirche-lb.de\/st-thomas-und-johannes\/wp-json\/wp\/v2\/media?parent=5560"}],"wp:term":[{"taxonomy":"category","embeddable":true,"href":"https:\/\/www.kath-kirche-lb.de\/st-thomas-und-johannes\/wp-json\/wp\/v2\/categories?post=5560"},{"taxonomy":"post_tag","embeddable":true,"href":"https:\/\/www.kath-kirche-lb.de\/st-thomas-und-johannes\/wp-json\/wp\/v2\/tags?post=5560"}],"curies":[{"name":"wp","href":"https:\/\/api.w.org\/{rel}","templated":true}]}}