{"id":5562,"date":"2022-03-01T15:54:37","date_gmt":"2022-03-01T15:54:37","guid":{"rendered":"https:\/\/www.kath-kirche-lb.de\/?p=17352"},"modified":"2022-03-01T15:54:37","modified_gmt":"2022-03-01T15:54:37","slug":"ein-beispiel-fuer-die-ukraine-hilfe","status":"publish","type":"post","link":"https:\/\/www.kath-kirche-lb.de\/st-thomas-und-johannes\/2022\/03\/01\/ein-beispiel-fuer-die-ukraine-hilfe\/","title":{"rendered":"Ein Beispiel f\u00fcr die Ukraine-Hilfe"},"content":{"rendered":"\n<p>Liebe Freunde, Bekannte, Ludwigsburger und alle Menschen, denen das Schicksal der Ukrainerinnen nicht egal ist! <\/p>\n\n\n\n<p>Wir leben hier, in Deutschland, in einem unabh\u00e4ngigen, freien und demokratischen Staat. Dies streben auch die Menschen in der Ukraine seit 30 Jahren an, was der russischen Regierung schon immer ein Dorn im Auge war! Daf\u00fcr m\u00fcssen viele Ukrainer jetzt schon einen sehr hohen Preis zahlen, nachdem die Ukraine am Donnerstag in der Nacht aus verschiedenen Richtungen auf eine sehr t\u00fcckische und brutale Art angegriffen wurde. Dieser offene, milit\u00e4rische Angriff auf die Ukraine ist ein gro\u00dfer Versto\u00df gegen die Menschenrechte, aber auch gleichzeitig ein Angriff auf die Demokratie, Meinungsfreiheit und auch Sicherheit in der ganzen Europ\u00e4ischen Union! Weder die Ukraine, noch Europa waren auf diese Invasion vorbereitet. Die Best\u00fcrzung dar\u00fcber sitzt immer noch sehr tief! Langsam kehrt jedoch unsere Handlungsf\u00e4higkeit zur\u00fcck! Wir d\u00fcrfen es nicht zulassen, dass die Menschen, die Unabh\u00e4ngigkeit, Freiheit und Demokratie anstreben, vernichtet werden! <\/p>\n\n\n\n<p><em>Viele L\u00e4nder unterst\u00fctzen die Ukrainer<\/em>innen mit Geld-, Sach- und Lebensmittelspenden, aber auch indem sie Menschen auf der Flucht aufnehmen. Wir sp\u00fcren diese Unterst\u00fctzung und sind daf\u00fcr von Herzen sehr sehr dankbar. <\/p>\n\n\n\n<p>Ukrainerinnen vergessen nie das Gute, was man ihnen zukommen lassen hat! Gleichzeitig bangen wir um unsere Lieben, die an der vordersten Front k\u00e4mpfen oder auch um diejenigen, die trotz der M\u00f6glichkeit auszureisen, weiterhin in der Ukraine verbleiben. Unsere Familien, aber auch viele unserer Freunde mit kleinen Kindern verlassen das Land nicht, sie bleiben in ihrer Meinung standhaft und versuchen auf ihre Art und Weise unserer Armee unter die Arme zu greifen und somit das kleinste Fleckchen unseres Landes zu verteidigen! Nur wenn wir alle zusammenstehen, schaffen wir es, in einer freien, demokratischen Union zu leben, in der unser Leben, aber auch unsere Werte respektiert und gesch\u00e4tzt werden. Auch Sie k\u00f6nnen dazu mit Ihren Spenden beitragen.<\/p>\n\n\n\n<p><em>In der jetzigen Situation ist Unterst\u00fctzung besonders im medizinisc<\/em>hen Bereich sehr notwendig.<\/p>\n\n\n\n<p>Insbesondere ben\u00f6tigen wir Folgendes: <\/p>\n\n\n\n<p><em>\u2717 Erste-Hilfe-Sets der Klasse IFAK oder IFAK 2 <\/em><\/p>\n\n\n\n<p><em>\u2717 H\u00e4mostatische Bandagen Israel\/ h\u00e4mostatische Verb\u00e4nde Combat <\/em><\/p>\n\n\n\n<p><em>\u2717 Bandagen <\/em><\/p>\n\n\n\n<p><em>\u2717 abdominale Bandagen <\/em><\/p>\n\n\n\n<p><em>\u2717 sterile Wundverb\u00e4nde (wasserdicht) <\/em><\/p>\n\n\n\n<p><em>\u2717 Hydrokolloid Wundauflagen <\/em><\/p>\n\n\n\n<p><em>\u2717 Gel Wundauflagen\/Gelkompresse bei Verbrennungen <\/em><\/p>\n\n\n\n<p><em>\u2717 Tourniquets, wie z.B. (Combat Application tourniquete) + H\u00e4mostatischer Trauma-Verband <\/em><\/p>\n\n\n\n<p><em>\u2717 Blutgerinnungsmittel <\/em><\/p>\n\n\n\n<p><em>\u2717 supraglotische Atemhilfe iGel <\/em><\/p>\n\n\n\n<p><em>\u2717 Systemen zur nasalen\/oropharyngealen Intubation <\/em><\/p>\n\n\n\n<p><em>\u2717 Pleura Dekompressionsnadel <\/em><\/p>\n\n\n\n<p><em>\u2717 Schmerzmittel (in Ampullen und Tabletten) <\/em><\/p>\n\n\n\n<p><em>\u2717 Antibiotika (in Ampullen und Tabletten) <\/em><\/p>\n\n\n\n<p><em>\u2717 Blutdrucksenkende Mittel <\/em><\/p>\n\n\n\n<p><em>\u2717 Beruhigungsmittel <\/em><\/p>\n\n\n\n<p><em>\u2717 Blutstillende Medikamente <\/em><\/p>\n\n\n\n<p><em>\u2717 Noradrenalin <\/em><\/p>\n\n\n\n<p><em>\u2717 Procain <\/em><\/p>\n\n\n\n<p><em>\u2717 Betadin <\/em><\/p>\n\n\n\n<p><em>\u2717 Heparinspritzen <\/em><\/p>\n\n\n\n<p><em>\u2717 Insulinspritzen <\/em><\/p>\n\n\n\n<p><em>\u2717 Rettungsdecken\/ Notfall Thermodecken <\/em><\/p>\n\n\n\n<p><em>\u2717 Auch Schlafs\u00e4cke, Th<\/em>ermow\u00e4sche und Taschenlampen nehmen wir gerne an. <\/p>\n\n\n\n<p><strong>All diese Sachspenden k\u00f6nnen Sie pers\u00f6nlich im <\/strong><\/p>\n\n\n\n<p><strong>Katholischen Kinder- und Familienzentrum EDEN<\/strong><\/p>\n\n\n\n<p><strong>Hirschbergstra\u00dfe 77<\/strong><\/p>\n\n\n\n<p><strong>71634 Ludwigsburg<\/strong><\/p>\n\n\n\n<p><strong>von Montag bis Freitag zwischen 7:00 Uhr und 15:30 Uhr abgeben. <\/strong><\/p>\n\n\n\n<p>Die obengenannten Sachspenden w\u00fcrden wir bevorzugen. <\/p>\n\n\n\n<p><em>H\u00e4tten Sie Interesse an einer finanziellen Spende, k\u00f6nnen Sie gerne<\/em> diese auf das unterstehende Konto \u00fcberweisen: <\/p>\n\n\n\n<p><strong>BEH und ADH IBAN: DE53 200 400 600 200 4<\/strong><em><strong>00 600 <\/strong><\/em><\/p>\n\n\n\n<p><strong>BIC: COBADEFFXXX Commerzbank <\/strong><\/p>\n\n\n\n<p><strong>Stichwort: ARD\/ Nothilfe Ukraine www.spendenkonto-nothilfe.de <\/strong><\/p>\n\n\n\n<p>Wir sind Ihnen f\u00fcr Ihre Unterst\u00fctzung sehr dankbar! Mit ganz lieben Gr\u00fc\u00dfen Ihre Ukrainerinnen aus Ludwigsburg und Umgebung<\/p>\n\n\n\n<p class=\"has-vivid-cyan-blue-color has-text-color\">Wir werden dadurch nicht das gro\u00dfe Ganze ver\u00e4ndern und doch Unterst\u00fctzung schicken und zeigen, dass sich Menschen f\u00fcreinander einsetzen und<\/p>\n\n\n\n<p>Solidarit\u00e4t und Frieden starke Werte in dieser Welt bleiben (m\u00fcssen).<\/p>\n\n\n\n<p class=\"has-vivid-cyan-blue-color has-text-color\"><strong>Wir bedanken uns f\u00fcr die Material- Spenden und das Verbreiten\/ Teilen der guten Sache!<\/strong><\/p>\n\n\n\n<p>Es gibt viele Verbindungen und Freundschaften\u2026 sie finden sich meist zuf\u00e4llig\u2026 und bleiben- sicherlich auch um Gutes zu Wege zu bringen.<\/p>\n\n\n\n<p>Steffi Wildner und Khrystyna Wemh\u00f6ner<\/p>\n\n\n\n<p><em>(kennengelernt am Arbeitsplatz- durch die Liebe zu unserem Beruf)<\/em><\/p>\n\n\n\n<p><\/p>\n","protected":false},"excerpt":{"rendered":"<p>Liebe Freunde, Bekannte, Ludwigsburger und alle Menschen, denen das Schicksal der Ukrainerinnen nicht egal ist! Wir leben hier, in Deutschland, in einem unabh\u00e4ngigen, freien und demokratischen Staat. Dies streben auch die Menschen in der Ukraine seit 30 Jahren an, was der russischen Regierung schon immer ein Dorn im Auge war! Daf\u00fcr m\u00fcssen viele Ukrainer jetzt [&hellip;]<\/p>\n","protected":false},"author":17,"featured_media":0,"comment_status":"closed","ping_status":"open","sticky":false,"template":"","format":"standard","meta":{"footnotes":""},"categories":[1],"tags":[],"class_list":["post-5562","post","type-post","status-publish","format-standard","hentry","category-allgemein"],"_links":{"self":[{"href":"https:\/\/www.kath-kirche-lb.de\/st-thomas-und-johannes\/wp-json\/wp\/v2\/posts\/5562","targetHints":{"allow":["GET"]}}],"collection":[{"href":"https:\/\/www.kath-kirche-lb.de\/st-thomas-und-johannes\/wp-json\/wp\/v2\/posts"}],"about":[{"href":"https:\/\/www.kath-kirche-lb.de\/st-thomas-und-johannes\/wp-json\/wp\/v2\/types\/post"}],"author":[{"embeddable":true,"href":"https:\/\/www.kath-kirche-lb.de\/st-thomas-und-johannes\/wp-json\/wp\/v2\/users\/17"}],"replies":[{"embeddable":true,"href":"https:\/\/www.kath-kirche-lb.de\/st-thomas-und-johannes\/wp-json\/wp\/v2\/comments?post=5562"}],"version-history":[{"count":0,"href":"https:\/\/www.kath-kirche-lb.de\/st-thomas-und-johannes\/wp-json\/wp\/v2\/posts\/5562\/revisions"}],"wp:attachment":[{"href":"https:\/\/www.kath-kirche-lb.de\/st-thomas-und-johannes\/wp-json\/wp\/v2\/media?parent=5562"}],"wp:term":[{"taxonomy":"category","embeddable":true,"href":"https:\/\/www.kath-kirche-lb.de\/st-thomas-und-johannes\/wp-json\/wp\/v2\/categories?post=5562"},{"taxonomy":"post_tag","embeddable":true,"href":"https:\/\/www.kath-kirche-lb.de\/st-thomas-und-johannes\/wp-json\/wp\/v2\/tags?post=5562"}],"curies":[{"name":"wp","href":"https:\/\/api.w.org\/{rel}","templated":true}]}}