{"id":5563,"date":"2022-02-14T14:57:58","date_gmt":"2022-02-14T13:57:58","guid":{"rendered":"https:\/\/www.kath-kirche-lb.de\/dreieinigkeit\/?p=2341"},"modified":"2022-02-14T14:57:58","modified_gmt":"2022-02-14T13:57:58","slug":"der-kirchengemeinderat-dreieinigkeit-erklaert-einstimmig-seine-solidaritaet-mit-der-aktion-out-in-church","status":"publish","type":"post","link":"https:\/\/www.kath-kirche-lb.de\/st-thomas-und-johannes\/2022\/02\/14\/der-kirchengemeinderat-dreieinigkeit-erklaert-einstimmig-seine-solidaritaet-mit-der-aktion-out-in-church\/","title":{"rendered":"Kirchengemeinderat Dreieinigkeit erkl\u00e4rt Solidarit\u00e4t mit der Aktion Out in Church"},"content":{"rendered":"\n<p>Alle Wortmeldungen in der KGR-Sitzung vom Februar sprachen sich daf\u00fcr aus, die Aktion zu unterst\u00fctzen. Am Sonntag trafen sich die anwesenden KGR-Mitglieder mit der Kirchenpflege und Diakon Greis zu einem Foto mit der Regenbogenfahne.<\/p>\n\n\n\n<figure class=\"wp-block-image size-large\"><img decoding=\"async\" src=\"https:\/\/www.kath-kirche-lb.de\/dreieinigkeit\/wp-content\/uploads\/sites\/4\/2022\/02\/DSC_0689bs-683x1024.jpg\" alt=\"\" class=\"wp-image-2345\"\/><\/figure>\n\n\n\n<p>ein KGR-Mitglied verfasste folgenden Text:<\/p>\n\n\n\n<p><strong>Zeichen setzen \u2013 Flagge zeigen<\/strong><\/p>\n\n\n\n<p>Wir zeigen Flagge f\u00fcr die Liebe, die keine Grenzen kennt.<\/p>\n\n\n\n<p>Wir zeigen Flagge f\u00fcr Menschen, die unterdr\u00fcckt und diskriminiert werden.<\/p>\n\n\n\n<p>Wir zeigen Flagge f\u00fcr ein friedvolles Miteinander in der katholischen Kirche.<\/p>\n\n\n\n<p>Wir zeigen Flagge f\u00fcr Menschen, die durch die VertreterInnen der katholischen Kirche Leid erfahren haben.<\/p>\n\n\n\n<p>Wir zeigen Flagge f\u00fcr eine offene Kirchengemeinde, in der alle Menschen willkommen sind.<\/p>\n\n\n\n<p>Wir zeigen Flagge f\u00fcr Gott-Vater, der alle Menschen so annimmt und liebt, wie sie sind.<\/p>\n\n\n\n<p>Wir zeigen Flagge f\u00fcr Jesus Christus, der vor allem an der Seite der Ausgesto\u00dfenen<br>und Unterdr\u00fcckten stand.<\/p>\n\n\n\n<p>Pfarrer Krist verfasste folgendenText f\u00fcr die LKZ:<\/p>\n\n\n\n<p><em>Die Leitungsebene der Gew\u00e4hlten und Ernannten Vorsitzenden der Katholischen Kirche Ludwigsburg m\u00f6chte mit der folgenden Stellungnahme auf die aktuellen Ereignisse reagieren:<\/em><\/p>\n\n\n\n<p>\u201eViele von uns sind tief bewegt von dem, was durch die Aktion \u201eOut in Church\u201c und durch die ARD-Dokumentation \u201eWie Gott uns schuf\u201c ins Rollen gebracht wurde. Es ist erschreckend,<\/p>\n\n\n\n<p>mit welcher Angst viele leben und es ist beeindruckend, wie viele sich jetzt in die \u00d6ffentlichkeit trauen. Sie stehen mit ihrem Gesicht f\u00fcr dieses Thema und kehren dennoch ihrer Kirche nicht den R\u00fccken.<\/p>\n\n\n\n<p>Dies macht uns zutiefst betroffen, weil wir als katholische Christinnen und Christen in Ludwigsburg Kirche anders leben wollen und tats\u00e4chlich auch anders erleben. Uns ist es ein gro\u00dfes Bed\u00fcrfnis, nach<\/p>\n\n\n\n<p>au\u00dfen kund zu tun, f\u00fcr was wir einstehen und Flagge zeigen: Wir zeigen Flagge f\u00fcr die Liebe, die keine Grenzen kennt. Wir zeigen Flagge f\u00fcr die Menschen, die unterdr\u00fcckt und diskriminiert werden.<\/p>\n\n\n\n<p>Wir zeigen Flagge f\u00fcr ein friedvolles Miteinander in der katholischen Kirche. Wir zeigen Flagge f\u00fcr die Menschen, die durch die Vertreter\/-innen der katholischen Kirche Leid erfahren haben.<\/p>\n\n\n\n<p>Wir zeigen Flagge f\u00fcr offene Kirchengemeinden, in denen alle Menschen willkommen sind. Wir zeigen Flagge f\u00fcr Gott-Vater, der alle Menschen so annimmt und liebt, wie sie sind.<\/p>\n\n\n\n<p>Wir zeigen Flagge f\u00fcr Jesus Christus, der vor allem an der Seite der Ausgesto\u00dfenen und Unterdr\u00fcckten stand. Wir zeigen Flagge f\u00fcr den Heiligen Geist, der uns mit seiner Kraft hilft, eine offene, lebensbejahende und lebendige Kirchengemeinde zu sein\u201c.<\/p>\n","protected":false},"excerpt":{"rendered":"<p>Alle Wortmeldungen in der KGR-Sitzung vom Februar sprachen sich daf\u00fcr aus, die Aktion zu unterst\u00fctzen. Am Sonntag trafen sich die anwesenden KGR-Mitglieder mit der Kirchenpflege und Diakon Greis zu einem Foto mit der Regenbogenfahne. ein KGR-Mitglied verfasste folgenden Text: Zeichen setzen \u2013 Flagge zeigen Wir zeigen Flagge f\u00fcr die Liebe, die keine Grenzen kennt. Wir [&hellip;]<\/p>\n","protected":false},"author":19,"featured_media":0,"comment_status":"closed","ping_status":"open","sticky":false,"template":"","format":"standard","meta":{"footnotes":""},"categories":[1008,8],"tags":[],"class_list":["post-5563","post","type-post","status-publish","format-standard","hentry","category-aktuelles","category-gesamtkirche"],"_links":{"self":[{"href":"https:\/\/www.kath-kirche-lb.de\/st-thomas-und-johannes\/wp-json\/wp\/v2\/posts\/5563","targetHints":{"allow":["GET"]}}],"collection":[{"href":"https:\/\/www.kath-kirche-lb.de\/st-thomas-und-johannes\/wp-json\/wp\/v2\/posts"}],"about":[{"href":"https:\/\/www.kath-kirche-lb.de\/st-thomas-und-johannes\/wp-json\/wp\/v2\/types\/post"}],"author":[{"embeddable":true,"href":"https:\/\/www.kath-kirche-lb.de\/st-thomas-und-johannes\/wp-json\/wp\/v2\/users\/19"}],"replies":[{"embeddable":true,"href":"https:\/\/www.kath-kirche-lb.de\/st-thomas-und-johannes\/wp-json\/wp\/v2\/comments?post=5563"}],"version-history":[{"count":0,"href":"https:\/\/www.kath-kirche-lb.de\/st-thomas-und-johannes\/wp-json\/wp\/v2\/posts\/5563\/revisions"}],"wp:attachment":[{"href":"https:\/\/www.kath-kirche-lb.de\/st-thomas-und-johannes\/wp-json\/wp\/v2\/media?parent=5563"}],"wp:term":[{"taxonomy":"category","embeddable":true,"href":"https:\/\/www.kath-kirche-lb.de\/st-thomas-und-johannes\/wp-json\/wp\/v2\/categories?post=5563"},{"taxonomy":"post_tag","embeddable":true,"href":"https:\/\/www.kath-kirche-lb.de\/st-thomas-und-johannes\/wp-json\/wp\/v2\/tags?post=5563"}],"curies":[{"name":"wp","href":"https:\/\/api.w.org\/{rel}","templated":true}]}}