{"id":5565,"date":"2022-02-04T16:04:49","date_gmt":"2022-02-04T16:04:49","guid":{"rendered":"https:\/\/www.kath-kirche-lb.de\/?p=17165"},"modified":"2022-02-04T16:04:49","modified_gmt":"2022-02-04T16:04:49","slug":"der-kuerzeste-weg-zwischen-zwei-menschen-ist-ein-laecheln","status":"publish","type":"post","link":"https:\/\/www.kath-kirche-lb.de\/st-thomas-und-johannes\/2022\/02\/04\/der-kuerzeste-weg-zwischen-zwei-menschen-ist-ein-laecheln\/","title":{"rendered":"Der k\u00fcrzeste Weg zwischen zwei Menschen ist ein L\u00e4cheln"},"content":{"rendered":"\n<p>Liebe Damen und Herren, herzlich willkommen auf unserer Homepage. &#8222;Der k\u00fcrzeste Weg zwischen zwei Menschen ist ein L\u00e4cheln.&#8220; \u2013 besagt ein Sprichwort. Dieses L\u00e4cheln l\u00e4sst f\u00fcr einen kurzen Moment den Alltag stillstehen. Viele solcher Erfahrungen w\u00fcnschen wir Ihnen gerade jetzt, wo die \u201eFasnet\u201c wieder anklopft und uns daran erinnert, wie Lachen und L\u00e4cheln unser Leben bunter, farbenfroher und begegnungsreicher macht- uns herauslockt aus dem Gewohnten. <\/p>\n\n\n\n<p>Herzliche Einladung zu unseren Gottesdiensten und unseren Veranstaltungen. Wenn Sie ein Anliegen, eine Idee oder einen Wunsch haben, melden Sie sich bitte bei uns. <\/p>\n\n\n\n<p>Herzliche Gr\u00fc\u00dfe von Pfarrer Alois Krist, Leitender Pfarrer<\/p>\n","protected":false},"excerpt":{"rendered":"<p>Liebe Damen und Herren, herzlich willkommen auf unserer Homepage. &#8222;Der k\u00fcrzeste Weg zwischen zwei Menschen ist ein L\u00e4cheln.&#8220; \u2013 besagt ein Sprichwort. Dieses L\u00e4cheln l\u00e4sst f\u00fcr einen kurzen Moment den Alltag stillstehen. Viele solcher Erfahrungen w\u00fcnschen wir Ihnen gerade jetzt, wo die \u201eFasnet\u201c wieder anklopft und uns daran erinnert, wie Lachen und L\u00e4cheln unser Leben [&hellip;]<\/p>\n","protected":false},"author":20,"featured_media":0,"comment_status":"closed","ping_status":"open","sticky":false,"template":"","format":"standard","meta":{"footnotes":""},"categories":[4],"tags":[],"class_list":["post-5565","post","type-post","status-publish","format-standard","hentry","category-topthema"],"_links":{"self":[{"href":"https:\/\/www.kath-kirche-lb.de\/st-thomas-und-johannes\/wp-json\/wp\/v2\/posts\/5565","targetHints":{"allow":["GET"]}}],"collection":[{"href":"https:\/\/www.kath-kirche-lb.de\/st-thomas-und-johannes\/wp-json\/wp\/v2\/posts"}],"about":[{"href":"https:\/\/www.kath-kirche-lb.de\/st-thomas-und-johannes\/wp-json\/wp\/v2\/types\/post"}],"author":[{"embeddable":true,"href":"https:\/\/www.kath-kirche-lb.de\/st-thomas-und-johannes\/wp-json\/wp\/v2\/users\/20"}],"replies":[{"embeddable":true,"href":"https:\/\/www.kath-kirche-lb.de\/st-thomas-und-johannes\/wp-json\/wp\/v2\/comments?post=5565"}],"version-history":[{"count":0,"href":"https:\/\/www.kath-kirche-lb.de\/st-thomas-und-johannes\/wp-json\/wp\/v2\/posts\/5565\/revisions"}],"wp:attachment":[{"href":"https:\/\/www.kath-kirche-lb.de\/st-thomas-und-johannes\/wp-json\/wp\/v2\/media?parent=5565"}],"wp:term":[{"taxonomy":"category","embeddable":true,"href":"https:\/\/www.kath-kirche-lb.de\/st-thomas-und-johannes\/wp-json\/wp\/v2\/categories?post=5565"},{"taxonomy":"post_tag","embeddable":true,"href":"https:\/\/www.kath-kirche-lb.de\/st-thomas-und-johannes\/wp-json\/wp\/v2\/tags?post=5565"}],"curies":[{"name":"wp","href":"https:\/\/api.w.org\/{rel}","templated":true}]}}