{"id":5626,"date":"2023-08-09T18:24:50","date_gmt":"2023-08-09T16:24:50","guid":{"rendered":"https:\/\/www.kath-kirche-lb.de\/st-thomas-und-johannes\/?p=5626"},"modified":"2023-08-09T18:24:57","modified_gmt":"2023-08-09T16:24:57","slug":"kirchen-kalendarisches-im-august-2","status":"publish","type":"post","link":"https:\/\/www.kath-kirche-lb.de\/st-thomas-und-johannes\/2023\/08\/09\/kirchen-kalendarisches-im-august-2\/","title":{"rendered":"Kirchen-Kalendarisches im August"},"content":{"rendered":"\n<p><em><u>Der Himmelsk\u00f6nigin Maria geweiht<\/u><\/em><\/p>\n\n\n\n<p><strong>1. August&nbsp;&nbsp;&nbsp;&nbsp;&nbsp;&nbsp;&nbsp;&nbsp;&nbsp;&nbsp;&nbsp;&nbsp;&nbsp;&nbsp;&nbsp;&nbsp; &nbsp;&nbsp;&nbsp;&nbsp;&nbsp; <em>Die Kettenfeier des Heiligen Petrus<\/em><\/strong><\/p>\n\n\n\n<p>Ein Engel kam in der Nacht zu Petrus ins Gef\u00e4ngnis und entzweite seine Ketten. Der Himmelsbote f\u00fchrte ihn an allen Wachen vorbei und befreite ihn somit.<br>Jahrhunderte sp\u00e4ter verbanden sich die beiden Kettenteile und wurden seitdem verehrt. Viele Kranke erhielten ihre Gesundheit durch das Ber\u00fchren der Heiligen Ketten.<\/p>\n\n\n\n<p><strong>3. August<\/strong><\/p>\n\n\n\n<p>Lydia (1. Jh.)<\/p>\n\n\n\n<p>Lydia lebte im 1. Jahrhundert in Philippi in Nordgriechenland und verdiente sich ihren Lebensunterhalt als Purpurh\u00e4ndlerin. Sie empfing von Paulus die Taufe und war damit \u201eerste europ\u00e4ische Christin\u201c.<\/p>\n\n\n\n<p>Darstellung: als vornehme Frau, in gro\u00dfem Mantel, unter dem Kinder Schutz suchen.<\/p>\n\n\n\n<p>Patronat: der F\u00e4rber<\/p>\n\n\n\n<p><strong>4. August<\/strong><\/p>\n\n\n\n<p>Johannes Maria Vianney (1786 \u2013 4.8.1859 in Ars)<\/p>\n\n\n\n<p>Als Sohn einer Bauersfamilie wurde er in der N\u00e4he von Lyon geboren; die schrecklichen Kriege Napoleons hinderten ihn daran, ins Seminar einzutreten. Als er endlich als Priesteramtskandidat studieren konnte, hatte er durch seine Unf\u00e4higkeit, Latein zu lernen, gro\u00dfe Schwierigkeiten. Letztendlich wurde er aufgrund seiner G\u00fcte geweiht und in das Dorf Ars geschickt. Dort \u2013 so dachten seine Vorgesetzten \u2013 k\u00f6nne er keinen Schaden anrichten. Die Menschen kamen in Scharen nach Ars, um zu beichten, seinen Rat einzuholen, seine Predigten zu h\u00f6ren. Mit der Zeit sa\u00df er bis zu 18 Stunden t\u00e4glich im Beichtstuhl. Eifers\u00fcchtige beschwerten sich beim Bischof und behaupteten er sei verr\u00fcckt oder geistig labil. Der ber\u00fchmte Bischof antwortete, er w\u00fcnsche sich, dass alle Priester so verr\u00fcckt seien. Der Priester von Ars starb, w\u00e4hrend er einem bereuenden S\u00fcnder zuh\u00f6rte.<\/p>\n\n\n\n<p><strong>5. August&nbsp;&nbsp;&nbsp;&nbsp;&nbsp;&nbsp;&nbsp;&nbsp;&nbsp;&nbsp;&nbsp;&nbsp;&nbsp;&nbsp;&nbsp;&nbsp;<\/strong><\/p>\n\n\n\n<p><strong><em>Fest der Einweihung der Basilika Maria zum Schnee <\/em><\/strong><em>(Santa Maria Maggiore, Rom)<\/em><\/p>\n\n\n\n<p><em>Schneewunder im August<\/em><\/p>\n\n\n\n<p>Maria ist an diesem Tag <strong>Patronin <\/strong>der F\u00e4rber, Spitzenmacher*innen und Stickerinnen.<\/p>\n\n\n\n<p><em>Bauernregeln: \u201eRegen an Mari\u00e4 Schnee, tut dem Korn empfindlich weh.\u201c<br>\u201eHeut\u00b4 sollt\u00b4 es keinen Regen geben, denn wir wollen gutes Korn zum Leben.\u201c<\/em><\/p>\n\n\n\n<p><strong>6. August<\/strong><\/p>\n\n\n\n<p><strong><em>Fest der Verkl\u00e4rung Christi<\/em><\/strong><\/p>\n\n\n\n<p>Von der Verkl\u00e4rung Jesu auf dem Berg Tabor, deren Zeugen Petrus, Johannes und Jakobus waren, berichten alle drei Synoptiker.<\/p>\n\n\n\n<p><em>Bauernregeln: \u201eWenn beim Berggang des Herrn die Sonne strahlt, golden sich der Roggen mahlt.\u201c<\/em><\/p>\n\n\n\n<p><em>\u201eWenn der Herr auf Tabor steht, der Bauer sein Getreide m\u00e4ht.\u201c<\/em><\/p>\n\n\n\n<p><strong>8. August<\/strong><\/p>\n\n\n\n<p>Domenico Guzman (12.\/13.Jh.)<br>Predigerordensgr\u00fcnder<br>Armut und Studium waren die beiden Grundlagen des Dominikanerordens, der auf der Regel des Hl. Augustinus aufgebaut war.<\/p>\n\n\n\n<p>Patronat: gegen Hagel<\/p>\n\n\n\n<p>Domenikus: <em>\u201eGeh und bete; Gott wird vorsorgen.\u201c<\/em><\/p>\n\n\n\n<p><strong>9. August<\/strong><\/p>\n\n\n\n<p>Edith Stein \u2013 auch: Teresa Benedicta vom Kreuz (1891- 9.8.1942)<\/p>\n\n\n\n<p>Die Philosophin konvertierte vom Judentum zum Katholizismus. F\u00fcr die Karmelitin war die Hl. Teresa von Avila eine wichtige Impulsgeberin auf ihrem Glaubensweg. 1938 wurde sie heimlich aus Deutschland in die Niederlande gebracht, um den Nazis zu entkommen. 1942 wurde sie dort mit ihrer Schwester Rosa (die ebenfalls konvertiert hatte) von der Gestapo verhaftet. Sie starb wahrscheinlich am 9. August in den Gaskammern von Auschwitz. Papst Johannes Paul II. hat sie 1998 heiliggesprochen und im folgenden Jahr zur (Mit)<strong><u>Patronin Europas<\/u><\/strong> ernannt \u2013 zusammen mit der Hl. Birgitta von Schweden und der Hl. Katharina von Siena.<\/p>\n\n\n\n<p>Edith: <em>\u201eMit dir selbst hab Geduld \u2013 Gott hat sie auch.\u201c<\/em><\/p>\n\n\n\n<p><strong>10. August<\/strong><\/p>\n\n\n\n<p>Laurentius von Rom (3.Jh.)<\/p>\n\n\n\n<p>Der Legende nach sollte Laurentius den Schatz der Kirche dem Kaiser ausliefern; er aber verteilte jedoch alles an Arme; trat dann mit ihnen vor Kaiser Valerius und sagte: \u201eSie sind der Schatz der Kirche.\u201c<\/p>\n\n\n\n<p>Der Heilige ist der erste sogenannte <em>\u201eHerbstbruder\u201c<\/em>, der den Anbau der herbstlichen Fr\u00fcchte einleitet.<br>Sternschnuppen, die Mitte August h\u00e4ufig fallen, werden <em>\u201eLaurentius-Tr\u00e4nen\u201c <\/em>genannt.<\/p>\n\n\n\n<p>Patronat: der Sch\u00fcler:innen und Studierenden, Bibliothekare, Archivare, Konditoren<\/p>\n\n\n\n<p><em>Bauernregel: \u201eSankt Lorenz kommt in finstrer Nacht ganz sicher mit Sternschnuppenpracht.\u201c<\/em><\/p>\n\n\n\n<p><strong>11. August<\/strong><\/p>\n\n\n\n<p>Klara von Assisi (1194-1253)<br>Klara wurde in einer Grafenfamilie geboren. Fasziniert vom Beispiel des Hl. Franziskus verlie\u00df sie gegen den Willen des Vaters ihre Familie und lebte fortan in radikaler Armut, die sie vor Franziskus gelobte.<\/p>\n\n\n\n<p>Attribute: Monstranz oder Ziborium<\/p>\n\n\n\n<p><strong>14. August<\/strong><\/p>\n\n\n\n<p>Maximilian Maria Kolbe (1894-1941)<\/p>\n\n\n\n<p>Nach der Priesterweihe 1918 gr\u00fcndete er eine marianische Apostolatsvereinigung und engagierte sich seit 1922 in Polen und 1930 auch in Japan beim Aufbau einer katholischen Presse. Er war ein talentierter Mathematiker und Wissenschaftler. Seine Schriften erregten den Hass der Nazis; als die Deutschen 1939 Polen \u00fcberfielen, wurde Kolbe mehrmals verhaftet und schlie\u00dflich nach Auschwitz gebracht. W\u00e4hrend der Gefangenschaft wurde er von SS-Wachen gefoltert. Best\u00e4ndig half er seinen Mitgefangenen. Er starb am 14. August 1941, nachdem er den Platz des verheirateten Familienvaters Franciszek Gajowniczek eingenommen hatte, der mit neun anderen H\u00e4ftlingen als Strafe f\u00fcr die Flucht eines Mith\u00e4ftlings zum Tod im Hungerbunker verurteilt worden war.<\/p>\n\n\n\n<p>Patronat: der Journalisten<\/p>\n\n\n\n<p>Der gerettete Familienvater Franz Gajowniczek war bei der Heiligsprechung Maximilians 1982 anwesend.<\/p>\n\n\n\n<p><strong>15. August&nbsp;&nbsp;&nbsp;&nbsp;&nbsp;&nbsp;&nbsp;&nbsp;&nbsp;&nbsp;&nbsp;&nbsp;&nbsp;&nbsp; &nbsp;&nbsp;&nbsp;&nbsp;&nbsp;&nbsp;&nbsp;&nbsp;&nbsp;&nbsp;&nbsp; <em><u>Mari\u00e4 Himmelfahrt<\/u><\/em><\/strong><\/p>\n\n\n\n<p><em><u>Kr\u00e4uterweihe: <\/u><\/em><em>Eine Legende, die Maria und die Kr\u00e4uter verbindet, besagt, dass \u201ewundersamer Kr\u00e4uterduft\u201c das Grab Mariens erf\u00fcllt haben soll.<\/em><\/p>\n\n\n\n<p><em>Die Kr\u00e4uterbuschen-Zusammenstellung weicht regional voneinander etwas ab; hier die Hauptkr\u00e4uter: Wermut, Kamille, Johanneskraut, Salbei, K\u00f6nigskerze, Spitzwegerich und Arnika<\/em><\/p>\n\n\n\n<p><em>Bauernregel: \u201eUm Mari\u00e4 Himmelfahrt, das wisse, gibt es schon die ersten N\u00fcsse.\u201c<\/em><\/p>\n\n\n\n<p><strong>17. August<\/strong><\/p>\n\n\n\n<p>Hyazinth (13. Jhd.)<\/p>\n\n\n\n<p>Beim Angriff auf Kiew soll er den Kelch und die schwere Alabasterfigur der Madonna aus der Kirche unbehelligt durch die Mongolenkrieger getragen haben.<\/p>\n\n\n\n<p>Attribute: Dominikanerhabit, mit Kelch, Marienfigur, mitunter auch \u00fcber das Wasser schreitend<\/p>\n\n\n\n<p>Patron: von Kiew, Polen, Litauen, Russland, f\u00fcr eine leichte Geburt<br><br><\/p>\n\n\n\n<p><strong>18. August<\/strong><\/p>\n\n\n\n<p>Helena (3.\/4. Jhd.)<br>Die Mutter des r\u00f6mischen Kaisers Konstantin f\u00f6rderte die Ausbreitung des Christentums.<\/p>\n\n\n\n<p><strong>19. August<\/strong><\/p>\n\n\n\n<p>Johannes Eudes (1623 &#8211; 16.80)<br>Die Verehrung Jesu in Maria und die Verehrung Marias in Jesus sind nach J. Eudes nicht zu trennen.<\/p>\n\n\n\n<p><strong>20. August<\/strong><\/p>\n\n\n\n<p>Bernhard von Clairvaux (1090 \u2013 1153)<br>&nbsp;&nbsp;&nbsp;&nbsp;&nbsp;&nbsp;&nbsp;&nbsp;&nbsp;&nbsp;&nbsp;&nbsp;&nbsp;&nbsp;&nbsp;&nbsp;&nbsp;&nbsp;&nbsp;&nbsp;&nbsp;&nbsp;&nbsp; <em>\u201eLeben hei\u00dft nicht fragen. Leben ist Antwort durch Leben und Tat.\u201c<\/em><\/p>\n\n\n\n<p><strong>22. August<\/strong><\/p>\n\n\n\n<p><strong><em>Fest des Unbefleckten Herzens der allerseligsten Jungfrau Maria<\/em><\/strong><\/p>\n\n\n\n<p><strong>23. August<\/strong><\/p>\n\n\n\n<p>Rosa von Lima (Isabella Flores) (1586 \u2013 1617)<br>Mit ihrer Heiligsprechung 1671 wurde Rosa von Lima zur ersten Heiligen Amerikas.<\/p>\n\n\n\n<p><strong>24. August<\/strong><\/p>\n\n\n\n<p>Bartholom\u00e4us (Natanael) Apostel<br>Er starb als M\u00e4rtyrer in Armenien, wo ihm bei lebendigem Leibe die Haut abgezogen wurde. Aufgrund seines Martyriums wird Bartholom\u00e4us scherzhaft auch als \u201e<strong>Patron der Steuerzahler<\/strong>\u201c bezeichnet.<\/p>\n\n\n\n<p><strong>25. August<\/strong><\/p>\n\n\n\n<p>Josef von Calasanz (1556 \u2013 1648)<\/p>\n\n\n\n<p>Patron der christlichen Volksschulen; der Kinder<\/p>\n\n\n\n<p><strong>26. August<\/strong><\/p>\n\n\n\n<p>Gregor von Pfalzel (707 \u2013 777)<\/p>\n\n\n\n<p>Patron gegen L\u00e4hmungen<\/p>\n\n\n\n<p><strong>27. August<\/strong><\/p>\n\n\n\n<p>Monika (332 \u2013 387) (Mutter des Hl. Augustinus)<\/p>\n\n\n\n<p>Patronin der christlichen Frauen und M\u00fctter<\/p>\n\n\n\n<p><strong>28. August<\/strong><\/p>\n\n\n\n<p>Augustinus von Hippo (354 \u2013 430) (Sohn der Hl. Monika)<\/p>\n\n\n\n<p>Jahrelang hatte Mutter Monika daf\u00fcr gebetet, dass ihr kluger &#8211; aber rebellischer \u2013 Sohn zur Besinnung kommt und sein z\u00fcgelloses Leben bereuen m\u00f6ge. Die endg\u00fcltige Bekehrung ihres Sohnes erfolgte auch unter dem Einfluss des Hl. Ambrosius von Mailand.<\/p>\n\n\n\n<p>Augustinus gilt als einer der gr\u00f6\u00dften unter den westlichen Kirchenv\u00e4tern. Er hatte enormen Einfluss auf die christliche Theologie und die westliche Zivilisation. Nichts davon w\u00e4re passiert, wenn seine Mutter sich nicht auch in seinem Erwachsenenalter um ihn gesorgt h\u00e4tte.<\/p>\n\n\n\n<p>Patron der Theolog:innen<\/p>\n\n\n\n<p>Augustinus:<em> \u201eNicht Worte sucht Gott bei dir, sondern das Herz.\u201c<\/em><\/p>\n","protected":false},"excerpt":{"rendered":"<p>Der Himmelsk\u00f6nigin Maria geweiht 1. August&nbsp;&nbsp;&nbsp;&nbsp;&nbsp;&nbsp;&nbsp;&nbsp;&nbsp;&nbsp;&nbsp;&nbsp;&nbsp;&nbsp;&nbsp;&nbsp; &nbsp;&nbsp;&nbsp;&nbsp;&nbsp; Die Kettenfeier des Heiligen Petrus Ein Engel kam in der Nacht zu Petrus ins Gef\u00e4ngnis und entzweite seine Ketten. Der Himmelsbote f\u00fchrte ihn an allen Wachen vorbei und befreite ihn somit.Jahrhunderte sp\u00e4ter verbanden sich die beiden Kettenteile und wurden seitdem verehrt. Viele Kranke erhielten ihre Gesundheit durch das [&hellip;]<\/p>\n","protected":false},"author":18,"featured_media":5627,"comment_status":"closed","ping_status":"closed","sticky":false,"template":"","format":"standard","meta":{"footnotes":""},"categories":[1012],"tags":[],"class_list":["post-5626","post","type-post","status-publish","format-standard","has-post-thumbnail","hentry","category-thema-1"],"_links":{"self":[{"href":"https:\/\/www.kath-kirche-lb.de\/st-thomas-und-johannes\/wp-json\/wp\/v2\/posts\/5626","targetHints":{"allow":["GET"]}}],"collection":[{"href":"https:\/\/www.kath-kirche-lb.de\/st-thomas-und-johannes\/wp-json\/wp\/v2\/posts"}],"about":[{"href":"https:\/\/www.kath-kirche-lb.de\/st-thomas-und-johannes\/wp-json\/wp\/v2\/types\/post"}],"author":[{"embeddable":true,"href":"https:\/\/www.kath-kirche-lb.de\/st-thomas-und-johannes\/wp-json\/wp\/v2\/users\/18"}],"replies":[{"embeddable":true,"href":"https:\/\/www.kath-kirche-lb.de\/st-thomas-und-johannes\/wp-json\/wp\/v2\/comments?post=5626"}],"version-history":[{"count":1,"href":"https:\/\/www.kath-kirche-lb.de\/st-thomas-und-johannes\/wp-json\/wp\/v2\/posts\/5626\/revisions"}],"predecessor-version":[{"id":5628,"href":"https:\/\/www.kath-kirche-lb.de\/st-thomas-und-johannes\/wp-json\/wp\/v2\/posts\/5626\/revisions\/5628"}],"wp:featuredmedia":[{"embeddable":true,"href":"https:\/\/www.kath-kirche-lb.de\/st-thomas-und-johannes\/wp-json\/wp\/v2\/media\/5627"}],"wp:attachment":[{"href":"https:\/\/www.kath-kirche-lb.de\/st-thomas-und-johannes\/wp-json\/wp\/v2\/media?parent=5626"}],"wp:term":[{"taxonomy":"category","embeddable":true,"href":"https:\/\/www.kath-kirche-lb.de\/st-thomas-und-johannes\/wp-json\/wp\/v2\/categories?post=5626"},{"taxonomy":"post_tag","embeddable":true,"href":"https:\/\/www.kath-kirche-lb.de\/st-thomas-und-johannes\/wp-json\/wp\/v2\/tags?post=5626"}],"curies":[{"name":"wp","href":"https:\/\/api.w.org\/{rel}","templated":true}]}}