{"id":7316,"date":"2023-07-20T19:06:30","date_gmt":"2023-07-20T19:06:30","guid":{"rendered":"https:\/\/www.kath-kirche-lb.de\/?p=20605"},"modified":"2023-07-20T19:06:30","modified_gmt":"2023-07-20T19:06:30","slug":"aufgetischt","status":"publish","type":"post","link":"https:\/\/www.kath-kirche-lb.de\/st-thomas-und-johannes\/2023\/07\/20\/aufgetischt\/","title":{"rendered":"Aufgetischt"},"content":{"rendered":"\n<p>Liebe Frauen,<\/p>\n\n\n\n<p>was wird uns nicht alles &#8222;aufgetischt&#8220;! An Erwartungen und Rollenbildern, an Herausforderungen und Klischees. Aber auch mit Gutem ist der Tisch gedeckt: mit M\u00f6glichkeiten, mit Leichtigkeit, mit F\u00fclle. Gemeinsam m\u00f6chten wir diesen unterschiedlichen Aspekten nachsp\u00fcren \u2013 in Raum und Klang, mit Worten und mit allen Sinnen.<\/p>\n\n\n\n<p><strong>Am 27.10. um 18 Uhr feiern wir darum gemeinsam einen \u00f6kumenischen Gottesdienst in der Katholischen Kirche zur Heiligsten Dreieinigkeit am Ludwigsburger Marktplatz.<\/strong><\/p>\n\n\n\n<p>Kommen Sie vorbei, lassen Sie sich inspirieren und feiern Sie mit uns den dritten ABENDROT-Gottesdienst &#8211; ein Gottesdienst f\u00fcr alle Frauen jeden Alters in und um Ludwigsburg! Im Anschluss laden wir Sie ein, in Markt8 den Abend gem\u00fctlich bei Snack und Gespr\u00e4chen ausklingen zu lassen.<\/p>\n\n\n\n<p>Veranstaltet wird der Gottesdienst von der Evangelischen und Katholischen Kirche in Ludwigsburg in Zusammenarbeit mit dem Gustav-Adolf-Werk.<\/p>\n","protected":false},"excerpt":{"rendered":"<p>Liebe Frauen, was wird uns nicht alles &#8222;aufgetischt&#8220;! An Erwartungen und Rollenbildern, an Herausforderungen und Klischees. Aber auch mit Gutem ist der Tisch gedeckt: mit M\u00f6glichkeiten, mit Leichtigkeit, mit F\u00fclle. Gemeinsam m\u00f6chten wir diesen unterschiedlichen Aspekten nachsp\u00fcren \u2013 in Raum und Klang, mit Worten und mit allen Sinnen. Am 27.10. um 18 Uhr feiern wir [&hellip;]<\/p>\n","protected":false},"author":20,"featured_media":6087,"comment_status":"closed","ping_status":"open","sticky":false,"template":"","format":"standard","meta":{"footnotes":""},"categories":[1008,7,60],"tags":[],"class_list":["post-7316","post","type-post","status-publish","format-standard","has-post-thumbnail","hentry","category-aktuelles","category-alle_gemeinden","category-citypastoral"],"_links":{"self":[{"href":"https:\/\/www.kath-kirche-lb.de\/st-thomas-und-johannes\/wp-json\/wp\/v2\/posts\/7316","targetHints":{"allow":["GET"]}}],"collection":[{"href":"https:\/\/www.kath-kirche-lb.de\/st-thomas-und-johannes\/wp-json\/wp\/v2\/posts"}],"about":[{"href":"https:\/\/www.kath-kirche-lb.de\/st-thomas-und-johannes\/wp-json\/wp\/v2\/types\/post"}],"author":[{"embeddable":true,"href":"https:\/\/www.kath-kirche-lb.de\/st-thomas-und-johannes\/wp-json\/wp\/v2\/users\/20"}],"replies":[{"embeddable":true,"href":"https:\/\/www.kath-kirche-lb.de\/st-thomas-und-johannes\/wp-json\/wp\/v2\/comments?post=7316"}],"version-history":[{"count":0,"href":"https:\/\/www.kath-kirche-lb.de\/st-thomas-und-johannes\/wp-json\/wp\/v2\/posts\/7316\/revisions"}],"wp:featuredmedia":[{"embeddable":true,"href":"https:\/\/www.kath-kirche-lb.de\/st-thomas-und-johannes\/wp-json\/wp\/v2\/media\/6087"}],"wp:attachment":[{"href":"https:\/\/www.kath-kirche-lb.de\/st-thomas-und-johannes\/wp-json\/wp\/v2\/media?parent=7316"}],"wp:term":[{"taxonomy":"category","embeddable":true,"href":"https:\/\/www.kath-kirche-lb.de\/st-thomas-und-johannes\/wp-json\/wp\/v2\/categories?post=7316"},{"taxonomy":"post_tag","embeddable":true,"href":"https:\/\/www.kath-kirche-lb.de\/st-thomas-und-johannes\/wp-json\/wp\/v2\/tags?post=7316"}],"curies":[{"name":"wp","href":"https:\/\/api.w.org\/{rel}","templated":true}]}}