{"id":7599,"date":"2024-01-22T18:05:26","date_gmt":"2024-01-22T18:05:26","guid":{"rendered":"https:\/\/www.kath-kirche-lb.de\/?p=21612"},"modified":"2024-04-18T22:28:41","modified_gmt":"2024-04-18T20:28:41","slug":"einweihungsfest-st-paulus-am-2-und-4-februar","status":"publish","type":"post","link":"https:\/\/www.kath-kirche-lb.de\/st-thomas-und-johannes\/2024\/01\/22\/einweihungsfest-st-paulus-am-2-und-4-februar\/","title":{"rendered":"Einweihungsfest St. Paulus am 2. und 4. Februar"},"content":{"rendered":"\n<figure class=\"wp-block-image size-large\"><img decoding=\"async\" src=\"https:\/\/www.kath-kirche-lb.de\/wp-content\/uploads\/2024\/01\/paulus-1024x204.jpg\" alt=\"\" class=\"wp-image-21613\" \/><\/figure>\n\n\n\n<p>Lasst uns miteinander singen, loben, danken<\/p>\n\n\n\n<p><strong>Freitag, 2. Februar 2024<\/strong><br>11:00 Uhr Festakt in der Kirche St. Paulus anschlie\u00dfend: \u201ePflanze einen Baum\u201c, Besichtigung und Begegnung<br>17:30 Uhr Dialogforum im Atrium des neuen Kinder- und Familienzentrums St. Paulus \u201eKinder und Jugendliche in der Gesellschaft von heute\u201c<\/p>\n\n\n\n<p><strong>Sonntag, 4. Februar 2024<\/strong><br>11:00 Uhr Gemeindegottesdienst in der Kirche St. Paulus anschlie\u00dfend f\u00fcr alle: Mittagessen und Kaffee im Gemeindezentrum<br>Tag der offenen T\u00fcr im Kinder- und Familienzentrum St. Paulus und im Haus \u201eJunges Wohnen \u2013 betreutes Wohnen f\u00fcr Kinder und Jugendliche mit Behinderung\u201c der Stiftung Liebenau<\/p>\n\n\n\n<figure class=\"wp-block-image size-large\"><img decoding=\"async\" src=\"https:\/\/www.kath-kirche-lb.de\/wp-content\/uploads\/2024\/01\/footer_paulus-1024x145.jpg\" alt=\"\" class=\"wp-image-21614\" \/><\/figure>\n","protected":false},"excerpt":{"rendered":"<p>Lasst uns miteinander singen, loben, danken Freitag, 2. Februar 202411:00 Uhr Festakt in der Kirche St. Paulus anschlie\u00dfend: \u201ePflanze einen Baum\u201c, Besichtigung und Begegnung17:30 Uhr Dialogforum im Atrium des neuen Kinder- und Familienzentrums St. Paulus \u201eKinder und Jugendliche in der Gesellschaft von heute\u201c Sonntag, 4. Februar 202411:00 Uhr Gemeindegottesdienst in der Kirche St. Paulus anschlie\u00dfend [&hellip;]<\/p>\n","protected":false},"author":20,"featured_media":7600,"comment_status":"closed","ping_status":"open","sticky":false,"template":"","format":"standard","meta":{"footnotes":""},"categories":[1008,7],"tags":[],"class_list":["post-7599","post","type-post","status-publish","format-standard","has-post-thumbnail","hentry","category-aktuelles","category-alle_gemeinden"],"_links":{"self":[{"href":"https:\/\/www.kath-kirche-lb.de\/st-thomas-und-johannes\/wp-json\/wp\/v2\/posts\/7599","targetHints":{"allow":["GET"]}}],"collection":[{"href":"https:\/\/www.kath-kirche-lb.de\/st-thomas-und-johannes\/wp-json\/wp\/v2\/posts"}],"about":[{"href":"https:\/\/www.kath-kirche-lb.de\/st-thomas-und-johannes\/wp-json\/wp\/v2\/types\/post"}],"author":[{"embeddable":true,"href":"https:\/\/www.kath-kirche-lb.de\/st-thomas-und-johannes\/wp-json\/wp\/v2\/users\/20"}],"replies":[{"embeddable":true,"href":"https:\/\/www.kath-kirche-lb.de\/st-thomas-und-johannes\/wp-json\/wp\/v2\/comments?post=7599"}],"version-history":[{"count":1,"href":"https:\/\/www.kath-kirche-lb.de\/st-thomas-und-johannes\/wp-json\/wp\/v2\/posts\/7599\/revisions"}],"predecessor-version":[{"id":8074,"href":"https:\/\/www.kath-kirche-lb.de\/st-thomas-und-johannes\/wp-json\/wp\/v2\/posts\/7599\/revisions\/8074"}],"wp:featuredmedia":[{"embeddable":true,"href":"https:\/\/www.kath-kirche-lb.de\/st-thomas-und-johannes\/wp-json\/wp\/v2\/media\/7600"}],"wp:attachment":[{"href":"https:\/\/www.kath-kirche-lb.de\/st-thomas-und-johannes\/wp-json\/wp\/v2\/media?parent=7599"}],"wp:term":[{"taxonomy":"category","embeddable":true,"href":"https:\/\/www.kath-kirche-lb.de\/st-thomas-und-johannes\/wp-json\/wp\/v2\/categories?post=7599"},{"taxonomy":"post_tag","embeddable":true,"href":"https:\/\/www.kath-kirche-lb.de\/st-thomas-und-johannes\/wp-json\/wp\/v2\/tags?post=7599"}],"curies":[{"name":"wp","href":"https:\/\/api.w.org\/{rel}","templated":true}]}}