{"id":8072,"date":"2024-04-15T17:23:39","date_gmt":"2024-04-15T15:23:39","guid":{"rendered":"https:\/\/www.kath-kirche-lb.de\/st-thomas-und-johannes\/?p=8072"},"modified":"2024-04-15T17:23:41","modified_gmt":"2024-04-15T15:23:41","slug":"kirchen-kalendarisches-im-april-3","status":"publish","type":"post","link":"https:\/\/www.kath-kirche-lb.de\/st-thomas-und-johannes\/2024\/04\/15\/kirchen-kalendarisches-im-april-3\/","title":{"rendered":"Kirchen-Kalendarisches im April"},"content":{"rendered":"\n<p><em>\u201eDem Geheimnis der Erl\u00f6sung geweiht\u201c<\/em><\/p>\n\n\n\n<p><strong>1. April<\/strong><\/p>\n\n\n\n<p>Irene von Thessaloniki (3.\/4. Jh.)<\/p>\n\n\n\n<p>Aus den erhalten gebliebenen Protokollakten geht hervor, dass sie wegen ihres Glaubens \u00f6ffentlich auf dem Scheiterhaufen verbrannt wurde.<\/p>\n\n\n\n<p><strong>Patronin: <\/strong>gegen Blitz- und Feuergefahr<\/p>\n\n\n\n<p><strong>2. April<\/strong><\/p>\n\n\n\n<p>Franz von Paola (15.\/16. Jh.)<\/p>\n\n\n\n<p>\u201eDie Einsiedler lehren und predigen nicht; sie schweigen.<br>&nbsp;&nbsp;&nbsp;&nbsp;&nbsp;&nbsp;&nbsp;&nbsp;&nbsp;&nbsp;&nbsp; Und schweigend \u00f6ffnen sie sich der Stimme Gottes.\u201c<\/p>\n\n\n\n<p><strong>Patron: <\/strong>der Einsiedler und Leidenden, gegen die Pest<\/p>\n\n\n\n<p><strong>3. April<\/strong><\/p>\n\n\n\n<p>Aloisius Scrosoppi (1804-1884)<\/p>\n\n\n\n<p>Seit 2010 ist Aloisius wegen seines Einsatzes f\u00fcr Jugendliche Schutzpatron der <strong>Fu\u00dfballer<\/strong>. Eine Statue in der Pfarre P\u00f6tschach am W\u00f6rther See zeigt den Heiligen mit einem Fu\u00dfball im Arm.<\/p>\n\n\n\n<p><strong>4. April<\/strong><\/p>\n\n\n\n<p>Heinrich Richter (1898 \u2013 04.04.1945)<\/p>\n\n\n\n<p>Der Priester wurde 1931 zum Lokalpr\u00e4ses der Kolpingfamilie K\u00f6ln-Zentral ernannt. Der seeleneifrige, fromme und hilfsbereite Priester wurde am 15. August 1944 von der Gestapo verhaftet. Auch in der Gefangenschaft zeigte er eine vorbildliche Haltung. Bei der R\u00e4umung des Konzentrationslagers wurde er erschossen, da er nicht mehr transportf\u00e4hig war.<\/p>\n\n\n\n<p><strong>5. April<\/strong><\/p>\n\n\n\n<p>Juliana von L\u00fcttich (1192-1258)<\/p>\n\n\n\n<p>fSeit 1208 hatte Juliana Visionen, die ihr auftrugen, sich in der Kirche f\u00fcr die Einf\u00fchrung eines Festes einzusetzen, das der Verehrung der Eucharistie dient.<br>In diesen Jahren wurde die Realpr\u00e4senz Christi in der Eucharistie diskutiert.<br>Juliana vertraute ihre Schau den Mitschwestern Agnes, Ozilia und Isabella an und schloss mit ihnen einen \u201egeistlichen Bund\u201c zur F\u00f6rderung der <strong>Verehrung des<\/strong> <strong>Allerheiligsten. <\/strong>1246 wurde das <strong>Fronleichnamsfest<\/strong> durch Bischof Robert von Thorote in der Di\u00f6zese L\u00fcttich eingef\u00fchrt; ein Fest, bei dem die Gl\u00e4ubigen die Eucharistie anbeten konnten, um den Glauben zu mehren.<br>1264 f\u00fchrte Papst Urban IV, der vorher Erzdiakon in L\u00fcttich war und Juliana kannte, das Fest f\u00fcr die ganze Kirche ein.<\/p>\n\n\n\n<p><strong>12. April<\/strong><\/p>\n\n\n\n<p>Julius I. (3.\/4.)<\/p>\n\n\n\n<p>Der Papst verhalf durch seine G\u00fcte und seine Charakterfestigkeit dem Papsttum zu neuem Ansehen. Im Rom erbaute er die Kirche <em>\u201eZu den Zw\u00f6lf Aposteln\u201c<\/em>. Bereits zwei Jahre nach seinem Tod wurde er als Heiliger verehrt.<\/p>\n\n\n\n<p><strong>Patron: <\/strong>der Latrinenreiniger<\/p>\n\n\n\n<p>Giuseppe Moscati (1880-1927)<\/p>\n\n\n\n<p>Der engagierte Arzt organisierte w\u00e4hrend des Vesuv-Ausbruchs die R\u00e4umung des Krankenhauses und leistete Nothilfe. Jenseits der gro\u00dfen Katastrophen des Weltgeschehens (Erster Weltkrieg) k\u00fcmmerte er sich besonders um die Armen; verlangte kaum Honorar und bezahlte ihnen oftmals Medikamente.<\/p>\n\n\n\n<p>Papst Johannes Paul II. sprach Giuseppe Moscati 1987 heilig.<\/p>\n\n\n\n<p><strong>13. April<\/strong><\/p>\n\n\n\n<p>Martin I. (6.\/7. Jh.)<\/p>\n\n\n\n<p><em>Bauernregel: \u201eSo wie Martin es will, zeigt sich dann der ganze April.\u201c<\/em><\/p>\n\n\n\n<p><strong>14. April<\/strong><\/p>\n\n\n\n<p>Lidwina (14.\/15. Jh.)<\/p>\n\n\n\n<p>Die Tochter des Nachtw\u00e4chters ertrug die jahrelangen Folgen eines Eislaufsturzes tapfer und erlebte Visionen; vieln Ratsuchenden schenkte sie Trost und Hilfe. Sie geh\u00f6rt in den Niederlanden zu den am meisten verehrten Heiligen.<\/p>\n\n\n\n<p><strong>Patronin:<\/strong> der Kranken, der Krankenseelsorge<\/p>\n\n\n\n<p>Legende: In ihren Visionen sah sie immer h\u00e4ufiger einen wachsenden Rosenstrauch; ihr wurde offenbart, sie werde sterben, wenn alle Knospen bl\u00fchen w\u00fcrden.<\/p>\n\n\n\n<p>Tiburtius (2.\/3. Jh.)<\/p>\n\n\n\n<p><em>Bauernregeln: \u201eTiburtius kommt mit Sang und Schall,<br>&nbsp;&nbsp;&nbsp;&nbsp;&nbsp;&nbsp;&nbsp;&nbsp;&nbsp;&nbsp;&nbsp;&nbsp;&nbsp;&nbsp; &nbsp;&nbsp;&nbsp;&nbsp;&nbsp;&nbsp;&nbsp;&nbsp;&nbsp;&nbsp;&nbsp;&nbsp;&nbsp;&nbsp;&nbsp;&nbsp;bringt Kuckuck mit und Nachtigall.\u201c<\/em><\/p>\n\n\n\n<p><em>\u201eTiburtius kommt uns sehr gelegen, mit seinem gr\u00fcnen Bl\u00e4ttersegen.\u201c<\/em><\/p>\n\n\n\n<p><strong>15. April<\/strong><\/p>\n\n\n\n<p>Huna vom Elsass (7. Jh.)<\/p>\n\n\n\n<p>Die Adelige sorgte als Wohlt\u00e4terin f\u00fcr Arme und Kranke, deren W\u00e4sche sie pers\u00f6nlich wusch, weshalb sie \u201e<strong>heilige W\u00e4scherin<\/strong>\u201c genannt wurde.<br>Ihr Grab in der von ihr gestifteten Kirche entwickelte sich zu einem vielbesuchten Wallfahrtsort, dessen Quelle Heilwirkungen zugesprochen wurden.<\/p>\n\n\n\n<p><strong>Patronin: <\/strong>der W\u00e4scherinnen, des Weinbaus<\/p>\n\n\n\n<p><strong>16. April<\/strong><\/p>\n\n\n\n<p>Bernadette Soubirous (1844 \u2013 1879)<\/p>\n\n\n\n<p>Sie ist in Lourdes in Frankreich als Tochter einer armen M\u00fctterfamilie geboren. 1858 hatte sie als Vierzehnj\u00e4hrige in der Grotte Massabielle 18 Erscheinungen der Gottesmutter Maria und legte eine Quelle frei. In der Folge entwickelte sich Lourdes zu einem der bedeutendsten Marienwallfahrtsorte der Gegenwart, an dessen Quelle viele Kranke Heilung suchen.<br>Bernadettes unverwester Leichnam wird bis heute in Nevers gezeigt.<\/p>\n\n\n\n<p><strong>17. April<\/strong><\/p>\n\n\n\n<p>Max Josef Metzger (1887 \u2013 1944)<br>(Selig- und Heiligsprechungsprozess abgeschlossen und weitergegeben)<\/p>\n\n\n\n<p>Priester, Friedensk\u00e4mpfer, Antimilitarist, Antifaschist<\/p>\n\n\n\n<p>17. April 1944 hingerichtet<\/p>\n\n\n\n<p><em>\u201eIch habe mein Leben Gott angeboten f\u00fcr den Frieden der Welt<br>und die Einheit der Kirchen.\u201c<\/em><\/p>\n\n\n\n<p><strong>21. April<\/strong><\/p>\n\n\n\n<p>Anselm von Canterbury (1033 \u2013 1109)<\/p>\n\n\n\n<p>Die theologischen Arbeiten des Kirchenlehrers genie\u00dfen zur Gottes- und Vers\u00f6hnungslehre eine besondere Bedeutung.<\/p>\n\n\n\n<p><strong>23. April<\/strong><\/p>\n\n\n\n<p>Georg (2.\/3. Jh.)<\/p>\n\n\n\n<p>Sein Name steht f\u00fcr Tapferkeit, N\u00e4chstenliebe, Ritterlichkeit und H\u00f6flichkeit:<\/p>\n\n\n\n<p>Der Heilige Georg ist wohl eines der heroischsten Vorbilder der gesamten Christenheit. Am bekanntesten ist das Bild des Heiligen, wie er als Ritter auf einem Pferd sitzt und einen \u00fcberm\u00e4chtig erscheinenden Drachen bek\u00e4mpft, der das B\u00f6se symbolisiert. Das neue Bewusstsein darf nun siegen.<\/p>\n\n\n\n<p>Anfang des 3. Jahrhunderts fiel er Diokletians Christenverfolgung zum Opfer.<\/p>\n\n\n\n<p><strong>Patron:<\/strong> der Soldaten, Pfadfinder, Wanderinnen, Wanderer \u2026<\/p>\n\n\n\n<p><em>Bauernregel: \u201eAuf Sankt Georgs G\u00fcte \/ stehen alle B\u00e4um in Bl\u00fcte.\u201c<\/em><\/p>\n\n\n\n<p><strong>25. April<\/strong><\/p>\n\n\n\n<p>Markus (1. Jh. \u2013 um 67)<\/p>\n\n\n\n<p>Die \u00dcberlieferung schreibt ihm die Verfasserschaft des Markusevangeliums zu.<br>Sein Attribut als Evangelist ist ein L\u00f6we.<\/p>\n\n\n\n<p><strong>Patron: <\/strong>der Bauarbeiter, Maurer, Glaser, Glasmaler, Laternenmacher, Korbmacher, Mattenflechter, Notare und Schreiber, gegen Unwetter \u2013 also \u201eguten\u201c Regen, Blitz, Hagel, Kr\u00e4tze, gegen einen pl\u00f6tzlichen Tod, f\u00fcr gutes Wetter und gute Ernte<\/p>\n\n\n\n<p><em>Bauernregel: \u201eBauen um Markus schon die Schwalben,<br>so gibt\u00b4s viel Futter, Korn und Kalben.\u201c<\/em><\/p>\n\n\n\n<p><strong>29. April<\/strong><\/p>\n\n\n\n<p>Katharina von Siena (1347 \u2013 1380)<\/p>\n\n\n\n<p><strong><em>&nbsp;&nbsp;&nbsp;&nbsp;&nbsp;&nbsp;&nbsp;&nbsp;&nbsp;&nbsp;&nbsp; Mitpatronin Europas<\/em><\/strong><\/p>\n\n\n\n<p><strong>Patronin: <\/strong>der Krankenschwestern, W\u00e4scherinnen und Pfarramtssekret\u00e4rinnen, der Sterbenden, der Laien im Dominikanerorden, f\u00fcr Vorsorge gegen Feuer, gegen Kopfschmerzen und Pest<em>Bauernregel: \u201eKommt Katharina im Sonnenschein, k\u00fcndet an sie guten Wein.\u201c<\/em><\/p>\n","protected":false},"excerpt":{"rendered":"<p>\u201eDem Geheimnis der Erl\u00f6sung geweiht\u201c 1. April Irene von Thessaloniki (3.\/4. Jh.) Aus den erhalten gebliebenen Protokollakten geht hervor, dass sie wegen ihres Glaubens \u00f6ffentlich auf dem Scheiterhaufen verbrannt wurde. Patronin: gegen Blitz- und Feuergefahr 2. April Franz von Paola (15.\/16. Jh.) \u201eDie Einsiedler lehren und predigen nicht; sie schweigen.&nbsp;&nbsp;&nbsp;&nbsp;&nbsp;&nbsp;&nbsp;&nbsp;&nbsp;&nbsp;&nbsp; Und schweigend \u00f6ffnen sie sich [&hellip;]<\/p>\n","protected":false},"author":18,"featured_media":0,"comment_status":"closed","ping_status":"closed","sticky":false,"template":"","format":"standard","meta":{"footnotes":""},"categories":[1012],"tags":[],"class_list":["post-8072","post","type-post","status-publish","format-standard","hentry","category-thema-1"],"_links":{"self":[{"href":"https:\/\/www.kath-kirche-lb.de\/st-thomas-und-johannes\/wp-json\/wp\/v2\/posts\/8072","targetHints":{"allow":["GET"]}}],"collection":[{"href":"https:\/\/www.kath-kirche-lb.de\/st-thomas-und-johannes\/wp-json\/wp\/v2\/posts"}],"about":[{"href":"https:\/\/www.kath-kirche-lb.de\/st-thomas-und-johannes\/wp-json\/wp\/v2\/types\/post"}],"author":[{"embeddable":true,"href":"https:\/\/www.kath-kirche-lb.de\/st-thomas-und-johannes\/wp-json\/wp\/v2\/users\/18"}],"replies":[{"embeddable":true,"href":"https:\/\/www.kath-kirche-lb.de\/st-thomas-und-johannes\/wp-json\/wp\/v2\/comments?post=8072"}],"version-history":[{"count":1,"href":"https:\/\/www.kath-kirche-lb.de\/st-thomas-und-johannes\/wp-json\/wp\/v2\/posts\/8072\/revisions"}],"predecessor-version":[{"id":8073,"href":"https:\/\/www.kath-kirche-lb.de\/st-thomas-und-johannes\/wp-json\/wp\/v2\/posts\/8072\/revisions\/8073"}],"wp:attachment":[{"href":"https:\/\/www.kath-kirche-lb.de\/st-thomas-und-johannes\/wp-json\/wp\/v2\/media?parent=8072"}],"wp:term":[{"taxonomy":"category","embeddable":true,"href":"https:\/\/www.kath-kirche-lb.de\/st-thomas-und-johannes\/wp-json\/wp\/v2\/categories?post=8072"},{"taxonomy":"post_tag","embeddable":true,"href":"https:\/\/www.kath-kirche-lb.de\/st-thomas-und-johannes\/wp-json\/wp\/v2\/tags?post=8072"}],"curies":[{"name":"wp","href":"https:\/\/api.w.org\/{rel}","templated":true}]}}