{"id":8084,"date":"2024-11-03T20:04:58","date_gmt":"2024-11-03T19:04:58","guid":{"rendered":"https:\/\/www.kath-kirche-lb.de\/st-thomas-und-johannes\/?p=8084"},"modified":"2024-11-06T23:19:21","modified_gmt":"2024-11-06T22:19:21","slug":"72-stundenaktion","status":"publish","type":"post","link":"https:\/\/www.kath-kirche-lb.de\/st-thomas-und-johannes\/2024\/11\/03\/72-stundenaktion\/","title":{"rendered":"72 Stundenaktion"},"content":{"rendered":"\n<p class=\"has-vivid-red-color has-text-color has-link-color has-medium-font-size wp-elements-0ae746a37cc5ae55f8ba760d1e3c04d3\">Jetzt mit Video am Ende des Beitrags.<\/p>\n\n\n\n<p>Bericht Projekt \u201eHimmelw\u00e4rts&#8220;<\/p>\n\n\n\n<p>Unter dem Projektnamen \u201eHimmelw\u00e4rts&#8220; erhielten wir mit Startschuss am Donnerstag, den 18.04.24 um 17:07 Uhr, die Aufgaben, einen der vier Aufbahrungsr\u00e4ume des Friedhofs Pflugfelden und das Sternenkindergrab am Neuen Friedhof in Ludwigsburg neu zu gestalten und auf Vordermann zu bringen. Wir &#8211; das sind die Minis St. Thomas und Johannes &amp; Friends aus Ludwigsburg, die im Alter von 10 bis 26 Jahre sind. Schon im Januar begann die Planung der Aktion, die deutschlandweit alle vier Jahre stattfindet. Ziel der Aktion ist es, das vorgegebene Projekt innerhalb der 72 Stunden haupts\u00e4chlich auf Spendenbasis zu realisieren.<\/p>\n\n\n\n<p>Beim ersten Planungstreffen kamen zwei Leiter auf eine perfekte Idee. Sie verloren innerhalb eines Jahre ihre Gro\u00dfeltern. Am Tag der Beerdigungen sollten sie sich in Aufbahrungsr\u00e4umen von ihnen verbschieden, deren Mobiliar und Zustand beide Male solch einem endg\u00fcltigem Abschied nicht w\u00fcrdig waren. In beiden F\u00e4llen h\u00e4tten sie sich einen freundlicher gestalteten Ort zum Abschiednehmen gew\u00fcnscht. Was sie mit ihrer Idee alles lostreten w\u00fcrden, war ihnen wahrscheinlich selbst gar nicht bewusst. Jugendreferentin Frau Anna Jehle aus dem Koordinierungskreis (KO-Kreis) vom Bund der Deutschen Katholischen Jugend (BDKJ) Ludwigsburg-M\u00fchlacker und der Jugendkirche Ludwigsburg unterst\u00fctzte uns ebenfalls sofort und bildete eine wichtige St\u00fctze f\u00fcr die Umsetzung des Projektes.<\/p>\n\n\n\n<p>Denn fast drei Monate sp\u00e4ter konnten die stabilen Rahmenbedingungen, damit die Aktion \u00fcberhaupt stattfinden konnte, von der Stadt mit ihrer Zusage zur Freigabe der R\u00e4ume geschaffen werden. Die Evangelische Kirche Pflugfelden stellte uns ihr Gemeindehaus als \u00dcbernachtungsm\u00f6glichkeit vor Ort zur Verf\u00fcgung. Im Laufe der 72 Stunden war das unsere \u201eZentrale&#8220;, wie wir sie liebevoll nannten. \u201eDer Goldene Pflug&#8220;, sagte uns schon vor offiziellen Beginn der Aktion drei fantastischen Mittagessen zu und sorgte f\u00fcr unser leibliches Wohl.<\/p>\n\n\n\n<p>Zun\u00e4chst stiegen wir am Donnerstag mit Herrn Michael Friedmann thematisch ein, der vor allen mit uns \u00fcber pers\u00f6nliche Erfahrungen mit dem endg\u00fcltigen Abschied von geliebten Personen und den Umgang damit sprach. Michael Friedmann ist Referent f\u00fcr Kinder und Jugendtrauer und brachte damit die perfekte Voraussetzung mit, den Einstieg als Gruppe in dieses schwierige Thema zu finden. Denn bis dahin wussten wir gegenseitig nicht, wer denn bereits Ber\u00fchrungspunkte mit der Thematik hatte oder nicht. Schnell zeigte sich auch, dass der Stand zu diesem Thema sehr unterschiedlich ausfiel und der Gro\u00dfteil der Gruppe eher weniger Ber\u00fchrungspunkte hatte. Deswegen waren viele von uns erst mal unsicher, wie sie zu dem Projekt stehen sollten.<\/p>\n\n\n\n<p>Bereits im Vorfeld nahm sich Michael Friedmann die Zeit, um mit den Eltern der j\u00fcngeren Kindern ins Gespr\u00e4ch zu kommen. Dem Leitungsteam war es n\u00e4mlich wichtig, dass die Eltern entsprechend darauf vorbereitet waren, wenn ihr Kind nach Hause kam und \u00fcber das Thema \u201eTod und Abschied&#8220; sprechen m\u00f6chte. Au\u00dferdem war klar: Trotz \u00dcbernachtungsm\u00f6glichkeit vor Ort, gehen am Donnerstag alle Kinder wieder heim, damit sie in einem bekannten und vertrauten Umfeld das Erlebte erz\u00e4hlen konnten. Zudem erhielten alle Eltern zum Zeitpunkt der Bekanntgabe des Projektes eine Informationsmail, in der nochmal die wichtigsten Punkte und der Ablauf festgehalten wurden. Somit war gesichert, dass es f\u00fcr die Teilnehmenden eine \u00dcberraschung bleibt, aber die Eltern sich trotzdem schon im Vorfeld auf das Thema einlassen konnten.<\/p>\n\n\n\n<p>Der inhaltliche Abschluss am Donnerstagabend stellte die Frage: Was war dein schwierigster Abschied und was h\u00e4ttest du gebraucht, um mit dem Abschied besser klarzukommen. Auch hier zeigte sich, dass viele von uns eher allt\u00e4gliche Beispiele nennen konnten, anstatt \u00fcber einen Todesfall zu sprechen. Doch insbesondere der zweite Teil zeigte, dass Abschied, und der Umgang damit, ganz unterschiedlich wahrgenommen wird. Die erste Person m\u00f6chte allein sein, die n\u00e4chste will Musik h\u00f6ren und eine andere Person braucht Gesellschaft. Und das sind nur drei der vielen verschiedenen Beispiele, die an dem Abend genannt wurden.<\/p>\n\n\n\n<div class=\"wp-block-media-text is-stacked-on-mobile\" style=\"grid-template-columns:21% auto\"><figure class=\"wp-block-media-text__media\"><img loading=\"lazy\" decoding=\"async\" width=\"1024\" height=\"768\" src=\"https:\/\/www.kath-kirche-lb.de\/st-thomas-und-johannes\/wp-content\/uploads\/sites\/8\/2024\/05\/Aufbahrungsraum_vorher-1024x768.jpg\" alt=\"\" class=\"wp-image-8161 size-full\" srcset=\"https:\/\/www.kath-kirche-lb.de\/st-thomas-und-johannes\/wp-content\/uploads\/sites\/8\/2024\/05\/Aufbahrungsraum_vorher-1024x768.jpg 1024w, https:\/\/www.kath-kirche-lb.de\/st-thomas-und-johannes\/wp-content\/uploads\/sites\/8\/2024\/05\/Aufbahrungsraum_vorher-300x225.jpg 300w, https:\/\/www.kath-kirche-lb.de\/st-thomas-und-johannes\/wp-content\/uploads\/sites\/8\/2024\/05\/Aufbahrungsraum_vorher-768x576.jpg 768w, https:\/\/www.kath-kirche-lb.de\/st-thomas-und-johannes\/wp-content\/uploads\/sites\/8\/2024\/05\/Aufbahrungsraum_vorher.jpg 1500w\" sizes=\"auto, (max-width: 1024px) 100vw, 1024px\" \/><\/figure><div class=\"wp-block-media-text__content\">\n<p>Doch die Besichtigung der R\u00e4umlichkeiten lie\u00df die Unsicherheit ganz schnell verfliegen. Viele von uns betraten zum ersten Mal einen Aufbahrungsraum und bei allen stellte sich das gleiche Gef\u00fchl ein: Beklemmung, Fluchtinstinkt und Trauer. Und das, ohne dass eine geliebte Person vor einem lag. Der Raum wurde teilweise als Abstellkammer benutzt und so richtig einladend wirkte es \u00fcberall nicht.<\/p>\n<\/div><\/div>\n\n\n\n<div class=\"wp-block-media-text is-stacked-on-mobile\" style=\"grid-template-columns:30% auto\"><figure class=\"wp-block-media-text__media\"><img loading=\"lazy\" decoding=\"async\" width=\"1000\" height=\"770\" src=\"https:\/\/www.kath-kirche-lb.de\/st-thomas-und-johannes\/wp-content\/uploads\/sites\/8\/2024\/05\/Aufenthaltsraum_vorher.jpg\" alt=\"\" class=\"wp-image-8167 size-full\" srcset=\"https:\/\/www.kath-kirche-lb.de\/st-thomas-und-johannes\/wp-content\/uploads\/sites\/8\/2024\/05\/Aufenthaltsraum_vorher.jpg 1000w, https:\/\/www.kath-kirche-lb.de\/st-thomas-und-johannes\/wp-content\/uploads\/sites\/8\/2024\/05\/Aufenthaltsraum_vorher-300x231.jpg 300w, https:\/\/www.kath-kirche-lb.de\/st-thomas-und-johannes\/wp-content\/uploads\/sites\/8\/2024\/05\/Aufenthaltsraum_vorher-768x591.jpg 768w\" sizes=\"auto, (max-width: 1000px) 100vw, 1000px\" \/><\/figure><div class=\"wp-block-media-text__content\">\n<p>erst recht nicht im Angeh\u00f6rigenraum, auf den wir dann am Donnerstagabend gesto\u00dfen waren. Abgesehen von einem Tisch und zwei St\u00fchlen, einer funktionsunf\u00e4higen Garderobe und einem in die Jahre gekommenen Vorhang war nichts vorzufinden. Und hier sollten sich Trauernde zusammenfinden und ins Gespr\u00e4ch \u00fcber die verlorene Person kommen? Hier sollte sich jemand wohlf\u00fchlen, der Abschied nehmen m\u00f6chte, vor allem bei einen endg\u00fcltigen Abschied? Auch im Aufbahrungsraum gab es keine Abstellm\u00f6glichkeiten, dass man Erinnerungsst\u00fccke mithineinnehmen und sch\u00f6n drapieren k\u00f6nnte. Was vielen auch auffiel, waren der Geruch und die Lichtverh\u00e4ltnisse.<\/p>\n<\/div><\/div>\n\n\n\n<p>Sofort sprudelten bei uns allen die Ideen, wie man diesen Raum besser gestalten k\u00f6nnte. Jetzt, da wir wussten, wie viel es einem bedeuten kann, w\u00fcrdig Abschied zu nehmen und was man selbst daf\u00fcr braucht, hatte jeder einen Zugang und brachte sich mit seinen Ideen ein. Schnell war klar, dass die R\u00e4umlichkeiten sehr viel Potenzial boten, und wir nahmen uns vor, beim Gespr\u00e4ch am n\u00e4chsten Tag mit der Stadt abzukl\u00e4ren, nicht nur den Aufbahrungsraum, sondern auch den Angeh\u00f6rigenraum mitgestalten zu d\u00fcrfen. Damit erweiterten wir also unsere Aufgabe.<\/p>\n\n\n\n<p>Die Absprachen mit der Stadt r\u00fchrten daher, dass diese die Eigent\u00fcmerin der R\u00e4umlichkeiten ist. Zudem mietet das Friedhofsamt die R\u00e4umlichkeiten \u2014 das hei\u00dft, wir mussten direkt mit zwei Beh\u00f6rden ins Gespr\u00e4ch kommen. Und am Freitagvormittag um 11 Uhr war es dann so weit: W\u00e4hrend vier von uns bereits das Sternenkindergrab besichtigten und von Frau Sabine Leibbrandt gezeigt bekamen, was dort wiederhergerichtet werden soll, gingen andere von uns mit Herrn Harald Lenk vom Hochbauamt und Frau Sabrina Raith vom Friedhofsamt ins Gespr\u00e4ch. Dabei stellten sie die Vorstellungen der Gruppe zur Raumgestaltung vor. Sowohl Herr Lenk als auch Frau Raith begr\u00fc\u00dften es, sowohl den Aufbahrungsraum als auch den Angeh\u00f6rigenraum neuzugestalten und unterst\u00fctzten unsere Gestaltungsideen. Zum Beispiel war es uns wichtig, in dem Angeh\u00f6rigenraum auch Platz zu schaffen, an dem sich Kinder besch\u00e4ftigen und sich auch trotz der schwierigen Situation wohlf\u00fchlen k\u00f6nnen.<\/p>\n\n\n\n<p>Den restlichen Freitag widmeten wir uns der Suche nach Sponsoren und Sachspenden. Neben gro\u00dfz\u00fcgigen Sachspenden auf eBay Kleinanzeigen und mehreren Einzelspenden von privaten Personen und verschiedenen L\u00e4den, stellte die Sparda-Bank Baden-W\u00fcrttemberg durch den Ludwigsburger Filialleiter Michael Bley uns 3.000 Euro zur Verf\u00fcgung, die unserem \u201eTelefonteam&#8220; finanzielle Sicherheit gaben. Derweil verma\u00df das \u201ePutzteam&#8220; die beiden R\u00e4ume und der Rest suchte in der Stadt nach Blumen f\u00fcr das Sternenkindergrab sowie nach B\u00fcchern f\u00fcr die Kinderecke. Danach wurde ein Plan f\u00fcr Samstag mit allen ben\u00f6tigten M\u00f6beln, Abholterminen und Zusatzartikeln zusammengestellt. Eine der wenigen Sachen, die wir an diesem Tag nicht bekommen haben, war genug Schlaf.<\/p>\n\n\n\n<div class=\"wp-block-media-text is-stacked-on-mobile\" style=\"grid-template-columns:34% auto\"><figure class=\"wp-block-media-text__media\"><img loading=\"lazy\" decoding=\"async\" width=\"1024\" height=\"816\" src=\"https:\/\/www.kath-kirche-lb.de\/st-thomas-und-johannes\/wp-content\/uploads\/sites\/8\/2024\/05\/Aufbahrungsraum_nachher-2-1024x816.jpg\" alt=\"\" class=\"wp-image-8160 size-full\" srcset=\"https:\/\/www.kath-kirche-lb.de\/st-thomas-und-johannes\/wp-content\/uploads\/sites\/8\/2024\/05\/Aufbahrungsraum_nachher-2-1024x816.jpg 1024w, https:\/\/www.kath-kirche-lb.de\/st-thomas-und-johannes\/wp-content\/uploads\/sites\/8\/2024\/05\/Aufbahrungsraum_nachher-2-300x239.jpg 300w, https:\/\/www.kath-kirche-lb.de\/st-thomas-und-johannes\/wp-content\/uploads\/sites\/8\/2024\/05\/Aufbahrungsraum_nachher-2-768x612.jpg 768w, https:\/\/www.kath-kirche-lb.de\/st-thomas-und-johannes\/wp-content\/uploads\/sites\/8\/2024\/05\/Aufbahrungsraum_nachher-2.jpg 1500w\" sizes=\"auto, (max-width: 1024px) 100vw, 1024px\" \/><\/figure><div class=\"wp-block-media-text__content\">\n<p>Was ebenfalls am Freitagabend noch geschah: ein Fotomotiv, was im Vorfeld mit der Stadt abgesprochen wurde, wurde von Herrn Meti Bityqi, der gelernter Maler und Stuckateur ist, an die Wand tapeziert. Dabei halfen zwei aus unserem Team tatkr\u00e4ftig mit. W\u00e4hrend den Arbeiten kamen wir ins Gespr\u00e4ch und es war sehr interessant, hierbei einen Einblick in den muslimischen Umgang mit Thema \u201eTod und Trauer&#8220; kennenzulernen und sich dar\u00fcber auszutauschen. Die Wandtapete wurde mit einem Farbstreifen umrandet. Hierf\u00fcr danken wir Herrn Alexander Gimpel, der uns mit Rat und Tat unterst\u00fctzte und uns kurzfristig Farbe und Malutensilien bereitstellte.<\/p>\n<\/div><\/div>\n\n\n\n<p>Am n\u00e4chsten Vormittag galt es, alle ben\u00f6tigten Gegenst\u00e4nde innerhalb eines Tages abzuholen oder zu kaufen.<\/p>\n\n\n\n<div class=\"wp-block-media-text has-media-on-the-right is-stacked-on-mobile\" style=\"grid-template-columns:auto 55%\"><div class=\"wp-block-media-text__content\">\n<p>W\u00e4hrenddessen konnte die am Sternenkindergrab arbeitende Gruppe unser erstes Teilziel erf\u00fcllen: Am Grab wurden ausgebrannte Kerzen und altes Laub entfernt und frische Blumen gepflanzt. <\/p>\n\n\n\n<figure class=\"wp-block-image size-large\"><img loading=\"lazy\" decoding=\"async\" width=\"1024\" height=\"768\" src=\"https:\/\/www.kath-kirche-lb.de\/st-thomas-und-johannes\/wp-content\/uploads\/sites\/8\/2024\/04\/image00003-1024x768.jpeg\" alt=\"\" class=\"wp-image-8150\" srcset=\"https:\/\/www.kath-kirche-lb.de\/st-thomas-und-johannes\/wp-content\/uploads\/sites\/8\/2024\/04\/image00003-1024x768.jpeg 1024w, https:\/\/www.kath-kirche-lb.de\/st-thomas-und-johannes\/wp-content\/uploads\/sites\/8\/2024\/04\/image00003-300x225.jpeg 300w, https:\/\/www.kath-kirche-lb.de\/st-thomas-und-johannes\/wp-content\/uploads\/sites\/8\/2024\/04\/image00003-768x576.jpeg 768w, https:\/\/www.kath-kirche-lb.de\/st-thomas-und-johannes\/wp-content\/uploads\/sites\/8\/2024\/04\/image00003-1536x1152.jpeg 1536w, https:\/\/www.kath-kirche-lb.de\/st-thomas-und-johannes\/wp-content\/uploads\/sites\/8\/2024\/04\/image00003-2048x1536.jpeg 2048w\" sizes=\"auto, (max-width: 1024px) 100vw, 1024px\" \/><\/figure>\n<\/div><figure class=\"wp-block-media-text__media\"><img loading=\"lazy\" decoding=\"async\" width=\"1024\" height=\"768\" src=\"https:\/\/www.kath-kirche-lb.de\/st-thomas-und-johannes\/wp-content\/uploads\/sites\/8\/2024\/04\/image00002-1024x768.jpeg\" alt=\"\" class=\"wp-image-8151 size-full\" srcset=\"https:\/\/www.kath-kirche-lb.de\/st-thomas-und-johannes\/wp-content\/uploads\/sites\/8\/2024\/04\/image00002-1024x768.jpeg 1024w, https:\/\/www.kath-kirche-lb.de\/st-thomas-und-johannes\/wp-content\/uploads\/sites\/8\/2024\/04\/image00002-300x225.jpeg 300w, https:\/\/www.kath-kirche-lb.de\/st-thomas-und-johannes\/wp-content\/uploads\/sites\/8\/2024\/04\/image00002-768x576.jpeg 768w, https:\/\/www.kath-kirche-lb.de\/st-thomas-und-johannes\/wp-content\/uploads\/sites\/8\/2024\/04\/image00002-1536x1152.jpeg 1536w, https:\/\/www.kath-kirche-lb.de\/st-thomas-und-johannes\/wp-content\/uploads\/sites\/8\/2024\/04\/image00002-2048x1536.jpeg 2048w\" sizes=\"auto, (max-width: 1024px) 100vw, 1024px\" \/><\/figure><\/div>\n\n\n\n<p>Als wir dann nachmittags endlich die Gestaltung der R\u00e4ume angehen konnten, waren wir sehr erleichtert. Mit anderen Worten: es war ein ziemlich straffes Programm. Es wurde sogar ein Wecker so gestellt, dass wir noch p\u00fcnktlich am Baumarkt ankommen konnten, um ben\u00f6tigtes Baumaterial zu besorgen.<\/p>\n\n\n\n<div class=\"wp-block-media-text has-media-on-the-right is-stacked-on-mobile\" style=\"grid-template-columns:auto 26%\"><div class=\"wp-block-media-text__content\">\n<p>Kaum hatten die M\u00e4rkte geschlossen, tauchte jedoch das erste Problem auf: Die Aufh\u00e4ngung f\u00fcr den geplanten Vorhang passte nicht in die integrierte Schiene im Angeh\u00f6rigenraum. Sofort wurden alle Kr\u00e4fte mobilisiert und Herr Clemens Mohn, ebenfalls Teil des KO-Kreises, kam sofort vorbei und unterst\u00fctzte uns tatkr\u00e4ftig mit seinem handwerklichen Geschick. Kurze Zeit sp\u00e4ter, war die Schiene abgeschraubt, ein mobiler Klemmblock aufgebaut und eine Flex angeschmissen und schon wurde die Schiene an die Aufh\u00e4ngung angepasst. Vorhangproblem gel\u00f6st. Der Schlafmangel hielt aber weiter an, denn es musste eine weitere halbe Nachtschicht eingelegt werden.<\/p>\n<\/div><figure class=\"wp-block-media-text__media\"><img loading=\"lazy\" decoding=\"async\" width=\"1024\" height=\"845\" src=\"https:\/\/www.kath-kirche-lb.de\/st-thomas-und-johannes\/wp-content\/uploads\/sites\/8\/2024\/05\/Aufbahrungsraum_nachher-1-1024x845.jpg\" alt=\"\" class=\"wp-image-8159 size-full\" srcset=\"https:\/\/www.kath-kirche-lb.de\/st-thomas-und-johannes\/wp-content\/uploads\/sites\/8\/2024\/05\/Aufbahrungsraum_nachher-1-1024x845.jpg 1024w, https:\/\/www.kath-kirche-lb.de\/st-thomas-und-johannes\/wp-content\/uploads\/sites\/8\/2024\/05\/Aufbahrungsraum_nachher-1-300x248.jpg 300w, https:\/\/www.kath-kirche-lb.de\/st-thomas-und-johannes\/wp-content\/uploads\/sites\/8\/2024\/05\/Aufbahrungsraum_nachher-1-768x634.jpg 768w, https:\/\/www.kath-kirche-lb.de\/st-thomas-und-johannes\/wp-content\/uploads\/sites\/8\/2024\/05\/Aufbahrungsraum_nachher-1.jpg 1500w\" sizes=\"auto, (max-width: 1024px) 100vw, 1024px\" \/><\/figure><\/div>\n\n\n\n<p>Und am Sonntagmorgen wartete dann schon das n\u00e4chste Problem auf uns: obwohl wir alles durchgegangen waren, welche Schrauben wir wof\u00fcr brauchen, fehlten uns nun 5 St\u00fcck, um die Regale an der Wand zu aufzuh\u00e4ngen. Was nun? Genau: ein weiterer Hilferuf und Clemens Mohn machte es m\u00f6glich, zu uns zu kommen und uns wieder tatkr\u00e4ftig zu unterst\u00fctzen. Erneut verdanken wir ihm, dass die Regale mit den richtigen Schrauben an der Wand hingen. Und das keine Sekunde zu sp\u00e4t, denn die ganze Einrichtung der M\u00f6bel musste noch vorgenommen werden. Zudem erwarteten wir Besuch.<\/p>\n\n\n\n<p>Bereits am Samstagabend hatten wir die Ehre Weihbischof Thomas Maria Renz bei uns begr\u00fc\u00dfen zu d\u00fcrfen. Er war von uns als Gruppe und von unserem Projekt so begeistert, dass er uns zu einem Abschlussessen einlud. Am Sonntagmorgen durften wir zudem Domkapitular Holger Winterholer bei uns begr\u00fc\u00dfen und am Nachmittag schauten B\u00fcrgermeisterin Andrea Schwarz und leitende Pfarrer Alois Krist aus Ludwigsburg bei uns durch. Dazwischen schaute Frau Nadine Maier bei uns durch. Sie ist Pastoralrefertin und als Di\u00f6zesanjugendseelsorgerin BDKJ f\u00fcr den Bereich Kinder- und Jugendarbeit in der Di\u00f6zese Rottenburg-Stuttgart t\u00e4tig. Zudem ist sie Autorin bei \u201eKirche im SWR&#8220; bot uns damit eine M\u00f6glichkeit, unser Projekt in der \u00d6ffentlichkeit bekannt zu machen. Auch das war ein kleines Ziel von uns, da das Thema Tod und der Umgang damit in der Gesellschaft oftmals als Tabuthema gilt.<\/p>\n\n\n\n<div class=\"wp-block-media-text is-stacked-on-mobile\" style=\"grid-template-columns:25% auto\"><figure class=\"wp-block-media-text__media\"><img loading=\"lazy\" decoding=\"async\" width=\"1024\" height=\"680\" src=\"https:\/\/www.kath-kirche-lb.de\/st-thomas-und-johannes\/wp-content\/uploads\/sites\/8\/2024\/05\/Aufenthaltsraum_nachher-1-1024x680.jpg\" alt=\"\" class=\"wp-image-8162 size-full\" srcset=\"https:\/\/www.kath-kirche-lb.de\/st-thomas-und-johannes\/wp-content\/uploads\/sites\/8\/2024\/05\/Aufenthaltsraum_nachher-1-1024x680.jpg 1024w, https:\/\/www.kath-kirche-lb.de\/st-thomas-und-johannes\/wp-content\/uploads\/sites\/8\/2024\/05\/Aufenthaltsraum_nachher-1-300x199.jpg 300w, https:\/\/www.kath-kirche-lb.de\/st-thomas-und-johannes\/wp-content\/uploads\/sites\/8\/2024\/05\/Aufenthaltsraum_nachher-1-768x510.jpg 768w, https:\/\/www.kath-kirche-lb.de\/st-thomas-und-johannes\/wp-content\/uploads\/sites\/8\/2024\/05\/Aufenthaltsraum_nachher-1-391x260.jpg 391w, https:\/\/www.kath-kirche-lb.de\/st-thomas-und-johannes\/wp-content\/uploads\/sites\/8\/2024\/05\/Aufenthaltsraum_nachher-1.jpg 1500w\" sizes=\"auto, (max-width: 1024px) 100vw, 1024px\" \/><\/figure><div class=\"wp-block-media-text__content\">\n<p>Doch Ende gut, alles gut: wir sind sehr stolz, was aus den R\u00e4umlichkeiten geworden ist und freuten uns sehr, dass wir am Sonntag, den 21.04.24, um 17:07 Uhr die R\u00e4umlichkeiten offiziell wieder \u00fcbergeben konnten. Die \u00dcbergabe wurde vom<\/p>\n<\/div><\/div>\n\n\n\n<p>Trauerseelsorger Herrn Wolfgang M\u00fcller aus Ludwigsburg moderiert. Er unterst\u00fctzte uns auch bei der Gestaltung der Zuspr\u00fcche, die \u00fcberall in den R\u00e4umlichkeiten zu finden sind.<\/p>\n\n\n\n<div class=\"wp-block-media-text has-media-on-the-right is-stacked-on-mobile\" style=\"grid-template-columns:auto 51%\"><div class=\"wp-block-media-text__content\">\n<p>Die Zuspr\u00fcche kommen von den Gegenst\u00e4nden. Ziel dieser ist es, den Trauernden Mut zuzusprechen und sie in ihrer schweren Zeit zu begleiten. Zudem geben sie bereits Anweisungen, was die Personen, die die R\u00e4umlichkeiten nutzen, mit den Gegenst\u00e4nden anfangen k\u00f6nnen. Zum Beispiel \u201esagt&#8220; das Stimmungslicht: \u201eIch f\u00fchle mit dir&#8220; oder der Magnetstreifen \u201eIch halte deine Erinnerungen&#8220;.<\/p>\n<\/div><figure class=\"wp-block-media-text__media\"><img loading=\"lazy\" decoding=\"async\" width=\"1024\" height=\"619\" src=\"https:\/\/www.kath-kirche-lb.de\/st-thomas-und-johannes\/wp-content\/uploads\/sites\/8\/2024\/05\/Aufenthaltsraum_nachher-2-1024x619.jpg\" alt=\"\" class=\"wp-image-8163 size-full\" srcset=\"https:\/\/www.kath-kirche-lb.de\/st-thomas-und-johannes\/wp-content\/uploads\/sites\/8\/2024\/05\/Aufenthaltsraum_nachher-2-1024x619.jpg 1024w, https:\/\/www.kath-kirche-lb.de\/st-thomas-und-johannes\/wp-content\/uploads\/sites\/8\/2024\/05\/Aufenthaltsraum_nachher-2-300x181.jpg 300w, https:\/\/www.kath-kirche-lb.de\/st-thomas-und-johannes\/wp-content\/uploads\/sites\/8\/2024\/05\/Aufenthaltsraum_nachher-2-768x464.jpg 768w, https:\/\/www.kath-kirche-lb.de\/st-thomas-und-johannes\/wp-content\/uploads\/sites\/8\/2024\/05\/Aufenthaltsraum_nachher-2.jpg 1500w\" sizes=\"auto, (max-width: 1024px) 100vw, 1024px\" \/><\/figure><\/div>\n\n\n\n<p>Am Sonntag konnten wir das Projekt auch gut inhaltlich abschlie\u00dfen, da unser Gemeindepfarrer Frank Sch\u00f6pe uns eine gef\u00fchrte Tour \u00fcber den Friedhof anbot. Dabei stand im Mittelpunkt, wie unterschiedlich die Menschen die Gr\u00e4ber ihrer Liebsten gestalteten. Er stand trotz gleichzeitiger Erstkommunionsgottesdienste ebenfalls unterst\u00fctzend zur Seite und war dem Projekt und seiner Umsetzung begeistert.<\/p>\n\n\n\n<p>Abschlie\u00dfend l\u00e4sst sich festhalten: die Entwicklung von jeden einzelnen Teilnehmenden war deutlich sp\u00fcrbar. Wir sind als Gruppe zusammengewachsen und jede*r konnte sich mit dem Thema am Ende identifizieren und der Stolz und die Freude \u00fcber das Ergebnis ist deutlich erkennbar \u2014 vor allem bei der Liebe f\u00fcrs Detail bei den neugestalteten R\u00e4umen!<\/p>\n\n\n\n<p>Wir danken allen, die wir bereits genannt haben und allen, die uns unterst\u00fctzt haben und vielleicht noch nicht genannt wurden. Jede helfende Hand wurde bei dem Projekt gebraucht und wir freuen uns sehr, dass viele bereit waren, uns diese sofort zu geben.<\/p>\n\n\n\n<figure class=\"wp-block-video\"><video height=\"720\" style=\"aspect-ratio: 1280 \/ 720;\" width=\"1280\" controls src=\"https:\/\/www.kath-kirche-lb.de\/st-thomas-und-johannes\/wp-content\/uploads\/sites\/8\/2024\/11\/72h-Aktion-Allerheiligen_HD.mp4\"><\/video><\/figure>\n\n\n\n<p>Song: Syn Cole &#8211; Need Ya [NCS Release], \u00fcber NoCopyrightSounds: <a href=\"http:\/\/NCS.io\/NeedYa\">http:\/\/NCS.io\/NeedYa<\/a><br><\/p>\n","protected":false},"excerpt":{"rendered":"<p>Jetzt mit Video am Ende des Beitrags. Bericht Projekt \u201eHimmelw\u00e4rts&#8220; Unter dem Projektnamen \u201eHimmelw\u00e4rts&#8220; erhielten wir mit Startschuss am Donnerstag, den 18.04.24 um 17:07 Uhr, die Aufgaben, einen der vier Aufbahrungsr\u00e4ume des Friedhofs Pflugfelden und das Sternenkindergrab am Neuen Friedhof in Ludwigsburg neu zu gestalten und auf Vordermann zu bringen. Wir &#8211; das sind die [&hellip;]<\/p>\n","protected":false},"author":21,"featured_media":9566,"comment_status":"closed","ping_status":"closed","sticky":false,"template":"","format":"standard","meta":{"footnotes":""},"categories":[62],"tags":[],"class_list":["post-8084","post","type-post","status-publish","format-standard","has-post-thumbnail","hentry","category-thema-2"],"_links":{"self":[{"href":"https:\/\/www.kath-kirche-lb.de\/st-thomas-und-johannes\/wp-json\/wp\/v2\/posts\/8084","targetHints":{"allow":["GET"]}}],"collection":[{"href":"https:\/\/www.kath-kirche-lb.de\/st-thomas-und-johannes\/wp-json\/wp\/v2\/posts"}],"about":[{"href":"https:\/\/www.kath-kirche-lb.de\/st-thomas-und-johannes\/wp-json\/wp\/v2\/types\/post"}],"author":[{"embeddable":true,"href":"https:\/\/www.kath-kirche-lb.de\/st-thomas-und-johannes\/wp-json\/wp\/v2\/users\/21"}],"replies":[{"embeddable":true,"href":"https:\/\/www.kath-kirche-lb.de\/st-thomas-und-johannes\/wp-json\/wp\/v2\/comments?post=8084"}],"version-history":[{"count":9,"href":"https:\/\/www.kath-kirche-lb.de\/st-thomas-und-johannes\/wp-json\/wp\/v2\/posts\/8084\/revisions"}],"predecessor-version":[{"id":9574,"href":"https:\/\/www.kath-kirche-lb.de\/st-thomas-und-johannes\/wp-json\/wp\/v2\/posts\/8084\/revisions\/9574"}],"wp:featuredmedia":[{"embeddable":true,"href":"https:\/\/www.kath-kirche-lb.de\/st-thomas-und-johannes\/wp-json\/wp\/v2\/media\/9566"}],"wp:attachment":[{"href":"https:\/\/www.kath-kirche-lb.de\/st-thomas-und-johannes\/wp-json\/wp\/v2\/media?parent=8084"}],"wp:term":[{"taxonomy":"category","embeddable":true,"href":"https:\/\/www.kath-kirche-lb.de\/st-thomas-und-johannes\/wp-json\/wp\/v2\/categories?post=8084"},{"taxonomy":"post_tag","embeddable":true,"href":"https:\/\/www.kath-kirche-lb.de\/st-thomas-und-johannes\/wp-json\/wp\/v2\/tags?post=8084"}],"curies":[{"name":"wp","href":"https:\/\/api.w.org\/{rel}","templated":true}]}}