{"id":9416,"date":"2024-10-22T22:42:27","date_gmt":"2024-10-22T20:42:27","guid":{"rendered":"https:\/\/www.kath-kirche-lb.de\/st-thomas-und-johannes\/?p=9416"},"modified":"2024-10-22T22:42:38","modified_gmt":"2024-10-22T20:42:38","slug":"kirchen-kalendarisches-im-oktober-3","status":"publish","type":"post","link":"https:\/\/www.kath-kirche-lb.de\/st-thomas-und-johannes\/2024\/10\/22\/kirchen-kalendarisches-im-oktober-3\/","title":{"rendered":"Kirchen-Kalendarisches im Oktober"},"content":{"rendered":"\n<p><em><u>Rosenkranzmonat<\/u><\/em><\/p>\n\n\n\n<p><strong>1. Oktober<\/strong><\/p>\n\n\n\n<p><strong><u>Th\u00e9r\u00e8se von Lisieux (1873-1897)<\/u><\/strong><\/p>\n\n\n\n<p>Als dritte Frau \u00fcberhaupt zur Kirchenlehrerin ernannt \u2013 neben Theresia von \u00c1vila und Katharina von Siena. Theresias Lehre sagt, dass die Liebe eines Menschen zu Gott an seiner N\u00e4chstenliebe gemessen werde: <em>\u201eMeine Berufung ist die Liebe\u201c. <\/em>Bereits im jungen Alter von 15 Jahren trat sie nach mehrmaligem Bitten in den Karmel von Lisieux ein. In ihrer \u201eGeschichte einer Seele\u201c spricht sie \u00fcber ihre innere Entwicklung und Motivation.<\/p>\n\n\n\n<p><em>\u201eIch mache es wie die Kinder: Ich sage Gott einfach,<br>was ich ihm sagen will \u2013 er versteht mich.\u201c<\/em><\/p>\n\n\n\n<p>Attribute: Rosen<br>Patronat: der Karmelitinnen, der Flieger, der Missionen<\/p>\n\n\n\n<p><strong>2. Oktober\u00a0\u00a0\u00a0\u00a0\u00a0\u00a0\u00a0\u00a0\u00a0\u00a0\u00a0\u00a0\u00a0\u00a0\u00a0\u00a0\u00a0\u00a0\u00a0\u00a0\u00a0\u00a0\u00a0\u00a0\u00a0\u00a0\u00a0\u00a0\u00a0\u00a0\u00a0\u00a0\u00a0\u00a0\u00a0\u00a0\u00a0\u00a0\u00a0\u00a0\u00a0\u00a0\u00a0\u00a0\u00a0\u00a0\u00a0\u00a0\u00a0\u00a0\u00a0\u00a0\u00a0\u00a0\u00a0\u00a0\u00a0\u00a0\u00a0\u00a0\u00a0\u00a0\u00a0\u00a0\u00a0\u00a0\u00a0\u00a0\u00a0\u00a0\u00a0\u00a0\u00a0\u00a0\u00a0\u00a0\u00a0\u00a0\u00a0\u00a0\u00a0\u00a0\u00a0\u00a0\u00a0\u00a0\u00a0\u00a0\u00a0\u00a0\u00a0\u00a0\u00a0\u00a0\u00a0\u00a0\u00a0\u00a0\u00a0\u00a0\u00a0\u00a0\u00a0\u00a0\u00a0\u00a0\u00a0\u00a0\u00a0\u00a0\u00a0\u00a0\u00a0\u00a0\u00a0\u00a0\u00a0\u00a0\u00a0\u00a0\u00a0\u00a0\u00a0\u00a0\u00a0\u00a0\u00a0\u00a0\u00a0\u00a0\u00a0\u00a0\u00a0\u00a0\u00a0\u00a0\u00a0\u00a0\u00a0<br><u>Fest der Heiligen Schutzengel<\/u><\/strong><\/p>\n\n\n\n<p>Das seit 1615 am heutigen Tag begangene Schutzengelfest erinnert daran, dass Gott jedem einzelnen Menschen Begleitung und Schutz auf seinem Lebensweg schenkt.<\/p>\n\n\n\n<p><strong>3. Oktober<\/strong><\/p>\n\n\n\n<p><strong><u>Irmgard von Baindt (13. Jh.)<\/u><\/strong><strong><\/strong><\/p>\n\n\n\n<p><strong>4. Oktober&nbsp;&nbsp;&nbsp;&nbsp;&nbsp;&nbsp;&nbsp;&nbsp;&nbsp;&nbsp;&nbsp;&nbsp;&nbsp;&nbsp;&nbsp;<\/strong><\/p>\n\n\n\n<p><strong><u>Franz(iskus) von Assisi (1181\/82-1226)<\/u><\/strong><strong><\/strong><\/p>\n\n\n\n<p>Im Alter von 25 Jahren erlebte Francesco Giovanni durch Krankheit und Haft eine innere Wandlung. Er entsagte sich dem weltlichen Leben und entschied sich zur Nachfolge Christi in vollkommener Armut und im Gebet. Franz reiste als Prediger und Missionar in Dalmatien und Spanien umher; 1221 gr\u00fcndete er f\u00fcr Laien den Dritten Orden, die Terziaren. Er diente den Menschen am Rande der Gesellschaft. Im \u201eSonnengesang\u201c spiegelt sich sein liebevolles Verh\u00e4ltnis zu Gottes Sch\u00f6pfung.<\/p>\n\n\n\n<p>Auf dem Berg La Verna empfing er 1224 die Wundmahle Jesu.<\/p>\n\n\n\n<p>Attribute: Erdkugel, Wolf, Seraph<\/p>\n\n\n\n<p>Patronat: von Italien, der Armen, der Sozialarbeiter, der Lahmen, der Blinden, des Umweltschutzes, der Kaufleute, der Weber<\/p>\n\n\n\n<p><em>\u201eWas der Mensch vor Gott ist, das ist er und nicht mehr.\u201c<\/em><\/p>\n\n\n\n<p><strong>5. Oktober<\/strong><\/p>\n\n\n\n<p><strong><u>Maria Faustina Kowalska (<\/u><\/strong><strong>1905-1938)<\/strong><\/p>\n\n\n\n<p><em>\u201eDie gl\u00fccklichste Seele ist jene,<br>die sich Gottes Barmherzigkeit anvertraut.\u201c<\/em><\/p>\n\n\n\n<p><strong>7. Oktober<\/strong><\/p>\n\n\n\n<p><strong><u>Rosenkranzfest<\/u><\/strong><\/p>\n\n\n\n<p>Gedenktag zwischen Krieg und Frieden<\/p>\n\n\n\n<p>Der knapp 450-j\u00e4hrige Gedenktag geht auf viele \u201esiegreiche\u201c kriegerische Auseinandersetzungen zur\u00fcck.<\/p>\n\n\n\n<p>\u201eEine besondere Bedeutung erhielt das Rosenkranzfest in der Zeit des Nationalsozialismus. Am Abend des Festes 1938 hatten sich \u00fcberraschend viele katholische Jugendliche zur Rosenkranz-Andacht im Wiener Stephansdom versammelt \u2013 einige tausend, manche sprechen von zehntausend Jugendlichen, waren gekommen. In seiner Predigt griff der Erzbischof von Wien, Kardinal Theodor Innitzer \u2013 zuvor wegen seines unklaren Verh\u00e4ltnisses zu den Nazis in der Kritik \u2013 die nationalsozialistische Ideologie scharf an. Er rief den Jugendlichen zu: \u201eChristus ist euer F\u00fchrer!\u201c Seine Predigt gilt als Meisterst\u00fcck impliziter Regimekritik und r\u00fchrte die anwesenden Massen auf. So kam es nach der Andacht im Dom zu einer spontanen Jugenddemonstration. Die Reaktion der Nazis lie\u00df nicht lange auf sich warten: Am Tag darauf verw\u00fcsteten Mitglieder der Hitlerjugend das Erzbisch\u00f6fliche Palais und griffen Geistliche an, viele katholische Jugendf\u00fchrer wurden verhaftet.\u201c (katholisch.de)<\/p>\n\n\n\n<p><strong>9. Oktober<\/strong><\/p>\n\n\n\n<p><strong><u>Dionysius von Paris (3. Jh.)<\/u><\/strong><strong><br><\/strong>Patron: bei Hundebissen<\/p>\n\n\n\n<p><em>\u201eWenn dein Sprechen nicht wertvoller ist als dein Schweigen,<br>dann schweige lieber.\u201c<\/em><\/p>\n\n\n\n<p><strong>10. Oktober<\/strong><\/p>\n\n\n\n<p><strong><u>Daniele Comboni (1831-1881)<\/u><\/strong><\/p>\n\n\n\n<p>Der Priester gr\u00fcndete den Missionsverein vom Guten Hirten; auf ihn geht die Wiederbelebung der Missionsarbeit in Zentralafrika zur\u00fcck.<\/p>\n\n\n\n<p>Heute arbeiten rund 3500 Ordensleute und Mitglieder des S\u00e4kularinstituts der Comboni-Missionare (MCCJ) in 40 L\u00e4ndern in Afrika und Mittelamerika.<\/p>\n\n\n\n<p><strong>11. Oktober<br><em>&nbsp;&nbsp;&nbsp;&nbsp;&nbsp;&nbsp;&nbsp;&nbsp;&nbsp;&nbsp;&nbsp;&nbsp;&nbsp;&nbsp;&nbsp;&nbsp;&nbsp;&nbsp;&nbsp;&nbsp; \u201eFest der Mutterschaft der allerseligsten Jungfrau Maria\u201c<\/em><\/strong><\/p>\n\n\n\n<p><strong><u>Papst Johannes XXIII. (1881-1963)<\/u><\/strong><\/p>\n\n\n\n<p>Angelo Giuseppe Roncalli wurde 1958 zum Papst gew\u00e4hlt; er brachte frischen Wind in die Kirche (\u201eAggiornamento\u201c = Verheutigung [der Kirche]). Nur 30 Tage nach seiner Wahl k\u00fcndigte er das 2. Vatikanische Konzil an, welches zwischen 1962 und 1965 stattfand. Dessen Ende erlebte Johannes XXIII. jedoch nicht mehr.<\/p>\n\n\n\n<p>Interessantes: Der unverweste Leichnam des Papstes ruht in einem Glassarg in einer Seitenkapelle des Petersdomes in Rom.<\/p>\n\n\n\n<p><em>\u201eDer Mensch ist nie so gro\u00df, als wenn er kniet.\u201c<\/em><\/p>\n\n\n\n<p><strong>12. Oktober<\/strong><\/p>\n\n\n\n<p><strong><u>Otto M\u00fcller (1870-12. Oktober 1944)<\/u><\/strong><strong>, Priester<\/strong><\/p>\n\n\n\n<p>1906 wurde er Pr\u00e4ses der katholischen Arbeiterbewegung in der Di\u00f6zese K\u00f6ln und sp\u00e4ter f\u00fcr Westdeutschland.<br>Wegen seiner Kritik am Nationalsozialismus und seiner Verbindungen zur <strong>Widerstandsgruppe <\/strong>des Attentats auf Hitler wurde er nach dem Attentat vom 20. Juli verhaftet. Er starb im Gef\u00e4ngnis Berlin-Tegel.<br>Seine Grabstelle ist nicht bekannt.<strong>&nbsp; &nbsp;&nbsp;&nbsp;&nbsp;&nbsp;&nbsp;&nbsp;&nbsp;&nbsp;&nbsp;&nbsp;&nbsp;&nbsp;&nbsp;&nbsp;&nbsp;&nbsp;&nbsp; &nbsp;<\/strong><\/p>\n\n\n\n<p><strong>14. Oktober<\/strong><\/p>\n\n\n\n<p><strong><u>Kalixtus I. (2.\/3. Jh.)<\/u><\/strong><strong><\/strong><\/p>\n\n\n\n<p>Der ehemalige Sklave wurde 199 zum Diakon geweiht und erhielt die Aufgabe, die christlichen Katakomben an der Via Appia zu verwalten. Trotz des Widerstandes des angesehenen und gelehrten Priesters Hippolyt wurde er vom Volk und vom Klerus Roms 217 zum Papst gew\u00e4hlt.<br>Er f\u00fchrte die Kirchenmalerei ein und erlaubte es hochgestellten Frauen, die Ehe mit Sklaven einzugehen.<br><br><\/p>\n\n\n\n<p><strong>15. Oktober<\/strong><\/p>\n\n\n\n<p><strong><u>Theresia von \u00c1vila (1535-1582)<\/u><\/strong><\/p>\n\n\n\n<p>Der Karmelitin wurden mystische Erfahrungen zuteil. Mit leidenschaftlicher Hingabe, Organisationstalent und Humor, den sie von ihrem j\u00fcdischen Gro\u00dfvater geerbt hatte, erneuerte sie den Karmeliterorden. H\u00f6chste Ber\u00fchmtheit erlangte Theresia durch ihre Schriften, noch niemand vor ihr hatte das mystische Leben so deutlich und ausf\u00fchrlich beschrieben. Alle ihre B\u00fccher sind von klassischer Sprache; eines der ber\u00fchmtesten ist \u201eDie Seelenburg\u201c. In Spanien wird sie \u201eseraphische Mutter\u201c und \u201eDoctora mystica\u201c genannt.<br>1970 wurde sie von Papst Paul VI. als <strong>erste Frau <\/strong>zur <strong>Kirchenlehrerin <\/strong>erhoben.<\/p>\n\n\n\n<p>Patronin der Bortenmacher, von Spanien, f\u00fcr ein innerliches Leben, in geistlichen N\u00f6ten<\/p>\n\n\n\n<p><strong>16. Oktober<\/strong><\/p>\n\n\n\n<p><strong><u>Hedwig (Jadwiga) von Andechs (1174-1243)<\/u><\/strong><\/p>\n\n\n\n<p>Sie gebar sieben Kinder und f\u00f6rderte als Landesherrin Christentum und Kultur in Schlesien. Wie ihre Nichte, die hl. Elisabeth (19.11), sorgte sie f\u00fcr Arme und Kranke.<\/p>\n\n\n\n<p>Patronin: von Schlesien, Polens, der Kathedrale von Berlin<\/p>\n\n\n\n<p><strong><u>Gallus (um 640)<\/u><\/strong><\/p>\n\n\n\n<p>Am M\u00fchletobel s\u00fcdlich des Bodensees baute Gallus sich in der Wildnis eine Klause. Er wurde zum begehrten Ratgeber bei Volk, Adel und Klerus. 720 entstand aus der Zelle mit seinem Grab das Kloster St. Gallen, in dem die Benediktinerregel eingef\u00fchrt wurde und das die Kultur des Abendlandes ma\u00dfgeblich beeinflusste.<\/p>\n\n\n\n<p>Darstellung: mit Wanderstab, mit B\u00e4r<\/p>\n\n\n\n<p>Patronat: der G\u00e4nse, H\u00fchner und H\u00e4hne (gallus = Hahn), der Fieberkrankheiten<\/p>\n\n\n\n<p>Marguerite-Marie Alacoque (22. Juli 1647-17. Oktober 1690)<\/p>\n\n\n\n<p>Patronat: an Kinderl\u00e4hmung leidende, Waisen, Verehrer:innen des Herzens Jesu<\/p>\n\n\n\n<p><em>\u201eDas Herz Jesu verehren, hei\u00dft nicht so sehr Gebete sprechen,<br>als sich seinen Tugenden gleichf\u00f6rmig machen.\u201c<\/em><\/p>\n\n\n\n<p><strong>17. Oktober<\/strong><\/p>\n\n\n\n<p><strong><u>Ignatius von Antiochien (35-117)<\/u><\/strong><\/p>\n\n\n\n<p>Vom Sch\u00fcler des Apostels Johannes sind noch sieben Briefe erhalten; er setzt sich darin unter anderem <strong>f\u00fcr die Einheit<\/strong> der Gemeinden ein.<\/p>\n\n\n\n<p>Er wurde im Kolosseum in Rom wilden Tieren zum Fra\u00df vorgeworfen; im Angesicht des Todes soll Ignatius ausgerufen haben: \u201eIch bin der Weizen Christi, ich muss durch die Z\u00e4hne der Tiere gemahlen werden, um als reines Brot befunden zu werden.\u201c<\/p>\n\n\n\n<p>Attribute: als Greis mit Bart mit L\u00f6wen<\/p>\n\n\n\n<p>Patronat: gegen Halsschmerzen, Ausschlag<\/p>\n\n\n\n<p><strong><u>Johannes von Lykopolis (305-394)<\/u><\/strong><\/p>\n\n\n\n<p>Er soll Wundertaten vollbracht und Prophezeiungen gemacht haben.<br>Viele Pilger \u2013 auch Hieronymus und Augustinus \u2013 kamen zu Johannes; er beriet sie seelsorgerlich durch ein Fenster in seiner H\u00f6hle und heilte durch die Gabe von gesegnetem \u00d6l.<\/p>\n\n\n\n<p><strong>18. Oktober<\/strong><\/p>\n\n\n\n<p><strong><u>Lukas, Evangelist (1. Jh.) <\/u><\/strong><strong><\/strong><\/p>\n\n\n\n<p>Lukas war Arzt in Antiochien. Zwischen 50 und 51 begleitete er den Apostel Paulus auf zwei Missionsreisen. Er gilt als der Verfasser des dritten Evangeliums und der Apostelgeschichte. Im Gegensatz zu den anderen Evangelien spielen bei ihm die Barmherzigkeit Gottes, die Liebe Jesu zu den Armen und S\u00fcndern, die Bedeutung des Gebetes sowie der Heilige Geist eine gro\u00dfe Rolle. Lukas starb mit \u00fcber 80 Jahren vermutlich in B\u00f6otien in Griechenland.<\/p>\n\n\n\n<p>Attribute: Evangelium, Stier, Marienbild, Arztger\u00e4te<\/p>\n\n\n\n<p>Patron der \u00c4rzte, Chirurgen, Kranken, K\u00fcnstler:innen, Bildhauer:innen, Notar:innen, der Goldschmiede, Buchbinder, der christlichen Kunst, des Viehs, der Metzger und der Wetters<\/p>\n\n\n\n<p><strong>19. Oktober<\/strong><\/p>\n\n\n\n<p><strong><u>Johannes (Jean) de Br\u00e9beuf und Isaak Jogues <\/u><\/strong>(17. Jh.)<\/p>\n\n\n\n<p>Johannes und Isaak wirkten als Jesuitenmissionare bei den Indianerst\u00e4mmen der Huroren und Irokesen in Kanada. De Br\u00e9beuf errichtete beim Indianerstamm der Huroren in Kanada mehrere Missionsstationen und verfasste f\u00fcr ihre Sprache ein W\u00f6rterbuch und eine Grammatik.<\/p>\n\n\n\n<p><strong>20. Oktober<\/strong><\/p>\n\n\n\n<p><strong><u>Wendelin (6.\/7. Jh.)<\/u><\/strong><\/p>\n\n\n\n<p>Er war ein iroschottischer K\u00f6nigssohn, der wegen seiner religi\u00f6sen Neigung von seinem Vater gezwungen wurde, Schafe zu h\u00fcten.<\/p>\n\n\n\n<p>Patron der Hirten, B\u00e4uerinnen und Bauern, des Viehs, f\u00fcr gedeihliche Witterung, gute Ernte, bei Viehseuchen<\/p>\n\n\n\n<p><strong>21. Oktober<\/strong><\/p>\n\n\n\n<p><strong><u>Ursula von K\u00f6ln (3.\/4. Jh.)<\/u><\/strong><\/p>\n\n\n\n<p>Ursula fiel wohl zusammen mit ihren \u201e11000\u201c Gef\u00e4hrtinnen im 4. Jh. der Christenverfolgung unter Kaiser Diokletian zum Opfer; diese Zahl beruht auf einem \u00dcbersetzungsfehler \u2013 es waren wohl 11 Gef\u00e4hrtinnen.<br>Die Legende berichtet, dass Ursula die Stadt K\u00f6ln von der Belagerung durch die Hunnen befreit haben soll.<\/p>\n\n\n\n<p>Patronin der Lehrerinnen, der Jugend, um gute Heirat und guten Ehestand, in Kriegszeiten, bei Kinderkrankheiten<\/p>\n\n\n\n<p><strong>22. Oktober<\/strong><\/p>\n\n\n\n<p><strong><u>Johannes Paul II<\/u><\/strong><\/p>\n\n\n\n<p>Karol Wojty\u00b4la setzte sich w\u00e4hrend seiner Amtszeit unter anderem f\u00fcr die Auss\u00f6hnung zwischen den Religionen ein und initiierte die Weltjugendtage.<\/p>\n\n\n\n<p>Patron der Bergretter<\/p>\n\n\n\n<p><em>\u201eGanz dein. \u2013 Totus Tuus.&#8220;<\/em><\/p>\n\n\n\n<p><strong>23. Oktober<\/strong><\/p>\n\n\n\n<p><strong><u>Severin von K\u00f6ln (4. Jh.)<\/u><\/strong><strong><\/strong><\/p>\n\n\n\n<p>Patronat: gegen Ungl\u00fcck, f\u00fcr gute Witterung<\/p>\n\n\n\n<p><strong>24. Oktober&nbsp;&nbsp;&nbsp;&nbsp;&nbsp;&nbsp;&nbsp;&nbsp;&nbsp;&nbsp;&nbsp;&nbsp;&nbsp;&nbsp;&nbsp;&nbsp;&nbsp;&nbsp;&nbsp;&nbsp;&nbsp;&nbsp;&nbsp;&nbsp;<\/strong><\/p>\n\n\n\n<p><strong><em>\u201eFest des Heiligen Erzengels Raphael\u201c<\/em><\/strong><\/p>\n\n\n\n<p><strong><u>Antonius Maria Claret (1807-1870)<\/u><\/strong><\/p>\n\n\n\n<p><em>\u201eBewahre, soweit du kannst, Schweigen, Bescheidenheit,<br>innere Sammlung, Liebe zum N\u00e4chsten.\u201c<\/em><\/p>\n\n\n\n<p><strong>25. Oktober<\/strong><\/p>\n\n\n\n<p><strong><u>Ludwig III. <\/u><\/strong>(1109-1185) \u2013 Graf von Arnstein<\/p>\n\n\n\n<p>Im Kloster Arnstein, das als einziges von Ludwigs Klostergr\u00fcndungen bis heute erhalten blieb, leben seit 1919 und noch bis Ende 2018 die \u201eArnsteiner Patres\u201c.<\/p>\n\n\n\n<p><strong>26. Oktober<\/strong><\/p>\n\n\n\n<p><strong><u>Josephina Leroux (1747-1794)<\/u><\/strong><\/p>\n\n\n\n<p><strong><u>Albin (Witta <\/u><\/strong>= Hwita = \u201eder Wei\u00dfe\u201c) <strong>(um 700- nach 760)<\/strong><\/p>\n\n\n\n<p><em>Bauernregel: \u201eWarmer St. Albin bringt f\u00fcrwahr stets einen kalten Januar.\u201c<\/em><\/p>\n\n\n\n<p><strong>27. Oktober<\/strong><\/p>\n\n\n\n<p><strong><u>Wolfhard von Augsburg (1070-1127)<\/u><\/strong><\/p>\n\n\n\n<p>Patron der Sattler<\/p>\n\n\n\n<p><strong>28. Oktober<\/strong><\/p>\n\n\n\n<p><strong><u>Judas Thadd\u00e4us und Simon Zelotes (Apostel) 1. Jh.<\/u><\/strong><\/p>\n\n\n\n<p>Judas Verehrung litt lange darunter, dass er oft mit Judas dem Verr\u00e4ter verwechselt wurde. Er verk\u00fcndete in Mesopotamien das Evangelium.<\/p>\n\n\n\n<p>Simon war vor seiner Berufung zum Apostel Anh\u00e4nger der j\u00fcdischen Partei der Zeloten, die gegen die r\u00f6mische Herrschaft im Land k\u00e4mpfte; sp\u00e4ter hat er in Pal\u00e4stina, \u00c4gypten und Persien das Evangelium verk\u00fcndet.<\/p>\n\n\n\n<p>Patronate<\/p>\n\n\n\n<p>Judas Thadd\u00e4us: in der Aussichtslosigkeit<\/p>\n\n\n\n<p>Simon Zelotes: Waldarbeiter, Maurer, Weber<\/p>\n\n\n\n<p><strong>29. Oktober<\/strong><\/p>\n\n\n\n<p><strong><u>Helene Kafka (1894-1943)<\/u><\/strong><\/p>\n\n\n\n<p>Nach Eintritt bei den \u201eFranziskanerinnen der christlichen Liebe\u201c in Wien hie\u00df sie fortan Schwester <strong>Maria Restituta<\/strong>. Im Krankenhaus Wien-M\u00f6dling arbeitete sie sich bis zur ersten Operationsschwester hoch. Sie verurteilte den \u201eAnschluss\u201c \u00d6sterreichs an das Deutsche Reich und stand in ihrem Bekanntenkreis im Mittelpunkt des Widerstandes gegen den Naziterror. Am 18. Februar 1942 wurde sie von der Gestapo verhaftet, am 19. Oktober vom Volksgerichtshof zum Tode verurteilt und in der Nacht auf den 30. M\u00e4rz 1943 in Wien enthauptet.<\/p>\n\n\n\n<p><strong>30. Oktober<\/strong><\/p>\n\n\n\n<p><strong><u>Bernhard Schwentner (1891-1944)<\/u><\/strong><\/p>\n\n\n\n<p>Der wegen seiner Rechtschaffenheit und Aufrichtigkeit besonders angesehene Priester war den Nationalsozialisten missliebig. 1943 wurde er von einem Spitzel der Gestapo wegen angeblich staatsfeindlicher \u00c4u\u00dferungen angezeigt und am 21. Oktober 1943 verhaftet. Obwohl Schwentner sich in der Zeit als Milit\u00e4tgeistlicher sehr eingesetzt und Freunde unter den Offizieren hatte, trat keiner f\u00fcr ihn ein. Die Bem\u00fchungen des Bischofs von Osnabr\u00fcck, Herrmann Wilhelm Berning, um die Freilassung blieben erfolglos. Von der Haftzeit und der Zeit bis zur Hinrichtung wird berichtet, er habe diese in Ruhe und Abgekl\u00e4rtheit \u201ein der Nachfolge Jesu Christi\u201c angenommen und ein Gedicht verfasst. Das Todesurteil habe wohl schon anf\u00e4nglich festgestanden. Am 15.09.1944 wurde Pfarrer Bernhard Schwentner vom Volksgerichtshof wegen Wehrkraftzersetzung zum Tode verurteilt und am 30. Oktober 1944 im Zuchthaus Brandenburg-G\u00f6rden hingerichtet.<\/p>\n\n\n\n<p>Stolpersteinverlegung in Neustrelitz, Strelitzer Stra\u00dfe 28a (Wikipedia)<\/p>\n\n\n\n<p><strong>31. Oktober<\/strong><\/p>\n\n\n\n<p><strong><u>Wolfgang von Regensburg (924-994)<\/u><\/strong><\/p>\n\n\n\n<p>Der Benediktiner Wolfgang setzte sich f\u00fcr eine gute Bildung ein und f\u00f6rderte das geistliche Leben im Klerus und im Volk, es entstanden Schulen und Kl\u00f6ster.<\/p>\n\n\n\n<p>Patronat: der Schiffer, K\u00f6hler, Bildhauer, bei L\u00e4hmungen und Schlaganfall, f\u00fcr das Gedeihen des Viehs.<\/p>\n","protected":false},"excerpt":{"rendered":"<p>Rosenkranzmonat 1. Oktober Th\u00e9r\u00e8se von Lisieux (1873-1897) Als dritte Frau \u00fcberhaupt zur Kirchenlehrerin ernannt \u2013 neben Theresia von \u00c1vila und Katharina von Siena. Theresias Lehre sagt, dass die Liebe eines Menschen zu Gott an seiner N\u00e4chstenliebe gemessen werde: \u201eMeine Berufung ist die Liebe\u201c. Bereits im jungen Alter von 15 Jahren trat sie nach mehrmaligem Bitten [&hellip;]<\/p>\n","protected":false},"author":18,"featured_media":9417,"comment_status":"closed","ping_status":"closed","sticky":false,"template":"","format":"standard","meta":{"footnotes":""},"categories":[1012],"tags":[],"class_list":["post-9416","post","type-post","status-publish","format-standard","has-post-thumbnail","hentry","category-thema-1"],"_links":{"self":[{"href":"https:\/\/www.kath-kirche-lb.de\/st-thomas-und-johannes\/wp-json\/wp\/v2\/posts\/9416","targetHints":{"allow":["GET"]}}],"collection":[{"href":"https:\/\/www.kath-kirche-lb.de\/st-thomas-und-johannes\/wp-json\/wp\/v2\/posts"}],"about":[{"href":"https:\/\/www.kath-kirche-lb.de\/st-thomas-und-johannes\/wp-json\/wp\/v2\/types\/post"}],"author":[{"embeddable":true,"href":"https:\/\/www.kath-kirche-lb.de\/st-thomas-und-johannes\/wp-json\/wp\/v2\/users\/18"}],"replies":[{"embeddable":true,"href":"https:\/\/www.kath-kirche-lb.de\/st-thomas-und-johannes\/wp-json\/wp\/v2\/comments?post=9416"}],"version-history":[{"count":1,"href":"https:\/\/www.kath-kirche-lb.de\/st-thomas-und-johannes\/wp-json\/wp\/v2\/posts\/9416\/revisions"}],"predecessor-version":[{"id":9418,"href":"https:\/\/www.kath-kirche-lb.de\/st-thomas-und-johannes\/wp-json\/wp\/v2\/posts\/9416\/revisions\/9418"}],"wp:featuredmedia":[{"embeddable":true,"href":"https:\/\/www.kath-kirche-lb.de\/st-thomas-und-johannes\/wp-json\/wp\/v2\/media\/9417"}],"wp:attachment":[{"href":"https:\/\/www.kath-kirche-lb.de\/st-thomas-und-johannes\/wp-json\/wp\/v2\/media?parent=9416"}],"wp:term":[{"taxonomy":"category","embeddable":true,"href":"https:\/\/www.kath-kirche-lb.de\/st-thomas-und-johannes\/wp-json\/wp\/v2\/categories?post=9416"},{"taxonomy":"post_tag","embeddable":true,"href":"https:\/\/www.kath-kirche-lb.de\/st-thomas-und-johannes\/wp-json\/wp\/v2\/tags?post=9416"}],"curies":[{"name":"wp","href":"https:\/\/api.w.org\/{rel}","templated":true}]}}