{"id":9841,"date":"2025-01-25T17:07:01","date_gmt":"2025-01-25T16:07:01","guid":{"rendered":"https:\/\/www.kath-kirche-lb.de\/st-thomas-und-johannes\/?p=9841"},"modified":"2025-04-23T18:36:55","modified_gmt":"2025-04-23T16:36:55","slug":"frauenkirche-2025","status":"publish","type":"post","link":"https:\/\/www.kath-kirche-lb.de\/st-thomas-und-johannes\/2025\/01\/25\/frauenkirche-2025\/","title":{"rendered":"Frauenkirche 2025"},"content":{"rendered":"\n\n\n<p><strong>Kirche anders. Frauenkirche<\/strong><\/p>\n\n\n\n<figure class=\"wp-block-image size-full\"><img loading=\"lazy\" decoding=\"async\" width=\"654\" height=\"492\" src=\"https:\/\/www.kath-kirche-lb.de\/st-thomas-und-johannes\/wp-content\/uploads\/sites\/8\/2025\/01\/04-2025.jpg\" alt=\"\" class=\"wp-image-10424\" srcset=\"https:\/\/www.kath-kirche-lb.de\/st-thomas-und-johannes\/wp-content\/uploads\/sites\/8\/2025\/01\/04-2025.jpg 654w, https:\/\/www.kath-kirche-lb.de\/st-thomas-und-johannes\/wp-content\/uploads\/sites\/8\/2025\/01\/04-2025-300x226.jpg 300w\" sizes=\"auto, (max-width: 654px) 100vw, 654px\" \/><\/figure>\n\n\n\n<p>Der Katholische Deutsche Frauenbund (KDFB) l\u00e4dt in der Reihe \u201eKirche anders. Frauenkirche\u201c zu einem besonderen Frauengottesdienst ein:<\/p>\n\n\n\n<p><strong>Ber\u00fchrt \u2013 geliebt:<\/strong> <strong>Meine Sexualit\u00e4t und G*tt<\/strong> <br>mit Jungen Erwachsenen von <em>jetzt.stuttgart<\/em><\/p>\n\n\n\n<p><strong>Mittwoch, 9. Juli 2025<\/strong> <strong>Kath. Kirche St. Georg in Stuttgart<\/strong> <strong>18.30 Uhr<\/strong><\/p>\n\n\n\n<p><strong>Musik: Vokalensemble unter der Leitung von Emily Birkert<\/strong><br>Wir n\u00e4hern uns im Gottesdienst behutsam unserer inneren Sehnsucht nach Liebe, Z\u00e4rtlichkeit und Sexualit\u00e4t. Wer sind wir? Wie erleben wir Ber\u00fchrung und Geschlechtlichkeit? Was hat G*tt damit zu tun? Wir laden ein zu einer besonderen Spurensuche.<br>Die Liturgie ist gepr\u00e4gt von einer freien Form, ganzheitlichen Elementen und inspirierenden Impulsen. Die musikalische Gestaltung \u00fcbernimmt ein Vokalensemble unter der Leitung von Emily Birkert, inhaltlich wird der Gottesdienst von Frauen unterschiedlichen Alters gestaltet.<br>Im Anschluss an den Gottesdienst besteht die M\u00f6glichkeit zur Begegnung und zum Gespr\u00e4ch \u2013 wir freuen uns auf Sie!<\/p>\n\n\n\n<figure class=\"wp-block-image size-full\"><img loading=\"lazy\" decoding=\"async\" width=\"896\" height=\"598\" src=\"https:\/\/www.kath-kirche-lb.de\/st-thomas-und-johannes\/wp-content\/uploads\/sites\/8\/2025\/01\/05-2025.jpg\" alt=\"\" class=\"wp-image-10425\" srcset=\"https:\/\/www.kath-kirche-lb.de\/st-thomas-und-johannes\/wp-content\/uploads\/sites\/8\/2025\/01\/05-2025.jpg 896w, https:\/\/www.kath-kirche-lb.de\/st-thomas-und-johannes\/wp-content\/uploads\/sites\/8\/2025\/01\/05-2025-300x200.jpg 300w, https:\/\/www.kath-kirche-lb.de\/st-thomas-und-johannes\/wp-content\/uploads\/sites\/8\/2025\/01\/05-2025-768x513.jpg 768w, https:\/\/www.kath-kirche-lb.de\/st-thomas-und-johannes\/wp-content\/uploads\/sites\/8\/2025\/01\/05-2025-391x260.jpg 391w\" sizes=\"auto, (max-width: 896px) 100vw, 896px\" \/><\/figure>\n\n\n\n<p><strong>Termin der Frauenkirche im \u00dcberblick:<\/strong><br>Mittwoch, 9.7.2025, 18.30 Uhr<\/p>\n\n\n\n<p><br><strong>Ber\u00fchrt \u2013 geliebt: Meine Sexualit\u00e4t und G*tt<\/strong><br>mit Jungen Erwachsenen von <em>jetzt.stuttgart<\/em><\/p>\n\n\n\n<p><strong>Musik:<\/strong> Vokalensemble unter der Leitung von Emily Birkert<br><strong>Leitung:<\/strong> Claudia Schmidt, KDFB Rottenburg-Stuttgart<br>Monika Kling-Witzenhausen, Profilstelle f\u00fcr junge Erwachsene im Stadtdekanat Stuttgart<\/p>\n\n\n\n<p><strong>Ort:<\/strong> Kirche St. Georg, Heilbronner Str. 135, 70191 Stuttgart<\/p>\n\n\n\n<p><strong>Kontakt:<\/strong><br>Katholischer Deutscher Frauenbund, Di\u00f6zesanverband Rottenburg-Stuttgart,<br>Jahnstr. 30, 70597 Stuttgart, 0711\/9791-4720, <a href=\"mailto:frauenbund@blh.drs.de\">frauenbund@blh.drs.de<\/a>, <a href=\"http:\/\/www.kdfb-drs.de\/\">www.kdfb-drs.de<\/a><\/p>\n","protected":false},"excerpt":{"rendered":"<p>Kirche anders. Frauenkirche Der Katholische Deutsche Frauenbund (KDFB) l\u00e4dt in der Reihe \u201eKirche anders. Frauenkirche\u201c zu einem besonderen Frauengottesdienst ein: Ber\u00fchrt \u2013 geliebt: Meine Sexualit\u00e4t und G*tt mit Jungen Erwachsenen von jetzt.stuttgart Mittwoch, 9. Juli 2025 Kath. Kirche St. Georg in Stuttgart 18.30 Uhr Musik: Vokalensemble unter der Leitung von Emily BirkertWir n\u00e4hern uns im [&hellip;]<\/p>\n","protected":false},"author":21,"featured_media":0,"comment_status":"closed","ping_status":"closed","sticky":false,"template":"","format":"standard","meta":{"footnotes":""},"categories":[62],"tags":[],"class_list":["post-9841","post","type-post","status-publish","format-standard","hentry","category-thema-2"],"_links":{"self":[{"href":"https:\/\/www.kath-kirche-lb.de\/st-thomas-und-johannes\/wp-json\/wp\/v2\/posts\/9841","targetHints":{"allow":["GET"]}}],"collection":[{"href":"https:\/\/www.kath-kirche-lb.de\/st-thomas-und-johannes\/wp-json\/wp\/v2\/posts"}],"about":[{"href":"https:\/\/www.kath-kirche-lb.de\/st-thomas-und-johannes\/wp-json\/wp\/v2\/types\/post"}],"author":[{"embeddable":true,"href":"https:\/\/www.kath-kirche-lb.de\/st-thomas-und-johannes\/wp-json\/wp\/v2\/users\/21"}],"replies":[{"embeddable":true,"href":"https:\/\/www.kath-kirche-lb.de\/st-thomas-und-johannes\/wp-json\/wp\/v2\/comments?post=9841"}],"version-history":[{"count":2,"href":"https:\/\/www.kath-kirche-lb.de\/st-thomas-und-johannes\/wp-json\/wp\/v2\/posts\/9841\/revisions"}],"predecessor-version":[{"id":10426,"href":"https:\/\/www.kath-kirche-lb.de\/st-thomas-und-johannes\/wp-json\/wp\/v2\/posts\/9841\/revisions\/10426"}],"wp:attachment":[{"href":"https:\/\/www.kath-kirche-lb.de\/st-thomas-und-johannes\/wp-json\/wp\/v2\/media?parent=9841"}],"wp:term":[{"taxonomy":"category","embeddable":true,"href":"https:\/\/www.kath-kirche-lb.de\/st-thomas-und-johannes\/wp-json\/wp\/v2\/categories?post=9841"},{"taxonomy":"post_tag","embeddable":true,"href":"https:\/\/www.kath-kirche-lb.de\/st-thomas-und-johannes\/wp-json\/wp\/v2\/tags?post=9841"}],"curies":[{"name":"wp","href":"https:\/\/api.w.org\/{rel}","templated":true}]}}